{"id":3325,"date":"2024-09-12T16:47:38","date_gmt":"2024-09-12T19:47:38","guid":{"rendered":"https:\/\/diarioparanaense.com\/?p=3325"},"modified":"2024-09-12T16:48:08","modified_gmt":"2024-09-12T19:48:08","slug":"grupo-obragem-apresenta-leitura-dramatica-da-obra-breves-palavras-linguas-e-outras-vozes","status":"publish","type":"post","link":"https:\/\/diarioparanaense.com\/?p=3325","title":{"rendered":"Grupo Obragem apresenta leitura dram\u00e1tica da obra \u201cBreves Palavras, L\u00ednguas e Outras Vozes\u201d"},"content":{"rendered":"\n<p><em>A obra da dramaturga Olga Nenev\u00ea, encenada por Eduardo Giacomini, aborda quest\u00f5es existenciais e sociais contempor\u00e2neas<\/em><\/p>\n\n\n\n<p>No pr\u00f3ximo s\u00e1bado, 14, o Grupo Obragem apresenta a leitura dram\u00e1tica do texto \u201cBreves Palavras, L\u00ednguas e Outras Vozes\u201d, da dramaturga Olga Nenev\u00ea. A leitura ser\u00e1 realizada pelo ator Eduardo Giacomini e \u00e9 resultado do projeto \u201cProcesso de Escrita e Leitura\u201d, tamb\u00e9m realizado pela cia.<\/p>\n\n\n\n<p>O mon\u00f3logo leva \u00e0 cena o personagem \u201cInfelic\u00edssimo\u201d, um homem de meia-idade em crise emocional, confrontado pela necessidade de se defender de uma acusa\u00e7\u00e3o de homic\u00eddio. Diante da morte, ele revisita momentos-chave de sua vida e reflete sobre as pessoas que marcaram a sua trajet\u00f3ria. A obra provoca uma reflex\u00e3o existencial, abordando temas como rela\u00e7\u00f5es familiares, quest\u00f5es sociais, comportamentos e dilemas pol\u00edticos da atualidade.<\/p>\n\n\n\n<p>\u201cReflito sobre as diversas narrativas que se manifestam nas pessoas enquanto pensam, sonham ou observam as imagens ao seu redor. Todo esse processo contribui para a constru\u00e7\u00e3o de um texto imag\u00e9tico, composto por pensamentos que se transformam em palavras faladas. O resultado \u00e9 um mon\u00f3logo interior\u201d, explica Olga.<\/p>\n\n\n\n<p>Segundo a dramaturga, o processo criativo foi desafiador: \u201cManter-me fiel ao personagem e construir uma narrativa coerente com a hist\u00f3ria que eu imaginei foi exigente, assim como retratar a realidade social de tantas pessoas que enfrentam dificuldades, como a vulnerabilidade do abandono.\u201d<\/p>\n\n\n\n<p>Para garantir acessibilidade, a apresenta\u00e7\u00e3o contar\u00e1 com um int\u00e9rprete de Libras. Ap\u00f3s a leitura, o p\u00fablico poder\u00e1 participar de uma roda de conversa com os artistas para discutir o processo criativo da obra:<\/p>\n\n\n\n<p>\u201cEspero que a encena\u00e7\u00e3o chegue ao p\u00fablico como os demais espet\u00e1culos da Obragem: com sensibilidade, imagens poderosas que despertem o imagin\u00e1rio e as emo\u00e7\u00f5es, al\u00e9m de promover uma reflex\u00e3o pol\u00edtica sobre o nosso cen\u00e1rio socioecon\u00f4mico. A ideia \u00e9 despertar a consci\u00eancia sobre as desigualdades sociais e seu impacto na vida das pessoas\u201d, destaca.<\/p>\n\n\n\n<p>Al\u00e9m da apresenta\u00e7\u00e3o, que resultar\u00e1 tamb\u00e9m em um podcast a ser disponibilizado gratuitamente no YouTube do Grupo Obragem, est\u00e1 sendo realizada at\u00e9 sexta-feira uma oficina de dramaturgia.<\/p>\n\n\n\n<p>A dramaturga Olga Nenev\u00ea desenvolve um trabalho caracterizado por investiga\u00e7\u00f5es sobre a palavra e a fala, premiado nacionalmente, al\u00e9m de abordar tem\u00e1ticas existenciais e pol\u00edticas nas esferas micro e macro da sociedade. Desde 2004, Nenev\u00ea escreve e encena textos dram\u00e1ticos com o Grupo Obragem e o ator Eduardo Giacomini. A pe\u00e7a\u201cBreves palavras, L\u00ednguas e Outras Vozes ser\u00e1 encenada no teatro Novelas Curitibanas em fevereiro de 2025.<\/p>\n\n\n\n<p class=\"has-medium-font-size\">Servi\u00e7o: Leitura dram\u00e1tica do texto \u201cBreves palavras l\u00ednguas e outras vozes.\u201d<\/p>\n\n\n\n<p><strong>Ministrantes<\/strong>: Olga Nenev\u00ea e Eduardo Giacomini<\/p>\n\n\n\n<p><strong>Quando<\/strong>: 14\/9\/2024 (s\u00e1bado)<\/p>\n\n\n\n<p><strong>Hor\u00e1rio<\/strong>: 16h\u00a0<\/p>\n\n\n\n<p><strong>Onde<\/strong>: Espa\u00e7o Obragem \u2013 cria\u00e7\u00e3o e compartilhamento art\u00edstico.<\/p>\n\n\n\n<p>Rua Alameda J\u00falia da Costa, 204 \u2013 S\u00e3o Francisco.<\/p>\n\n\n\n<p><strong>Oficina<\/strong>: &#8220;Dramaturgia \u2013 relato e teatralidade\u201d.<\/p>\n\n\n\n<p><strong>Quando<\/strong>: 11, 12 e 13\/9 (quarta a sexta)<\/p>\n\n\n\n<p><strong>Hor\u00e1rio<\/strong>: 9h \u00e0s 13h\u00a0<\/p>\n\n\n\n<p><strong>Onde<\/strong>: Espa\u00e7o Obragem \u2013 cria\u00e7\u00e3o e compartilhamento art\u00edstico.<\/p>\n\n\n\n<p>Rua Alameda J\u00falia da Costa, 204 \u2013 S\u00e3o Francisco.<\/p>\n\n\n\n<p>Para participar da oficina, basta entrar em contato com o Grupo Obragem e encaminhar uma carta de inten\u00e7\u00e3o.<\/p>\n\n\n\n<p>Informa\u00e7\u00f5es: (41) 99702.9664 (Eduardo Giacomi)<\/p>\n\n\n\n<p><a href=\"mailto:obragem@grupoobragemdeteatro.com.br\">obragem@grupoobragemdeteatro.com.br<\/a><\/p>\n\n\n\n<p>\u200b<a href=\"mailto:oficinasobragem@gmail.com\">oficinasobragem@gmail.com<\/a><\/p>\n\n\n\n<p><strong>Fotos<\/strong>:\u00a0 <a href=\"mailto:@elenize_dezgeniski\">Elenize Dezgeniski<\/a><\/p>\n","protected":false},"excerpt":{"rendered":"<p>A obra da dramaturga Olga Nenev\u00ea, encenada por Eduardo Giacomini, aborda quest\u00f5es existenciais e sociais contempor\u00e2neas No pr\u00f3ximo s\u00e1bado, 14, o Grupo Obragem apresenta a leitura dram\u00e1tica do texto \u201cBreves Palavras, L\u00ednguas e Outras Vozes\u201d, da dramaturga Olga Nenev\u00ea. A leitura ser\u00e1 realizada pelo ator Eduardo Giacomini e \u00e9 resultado do projeto \u201cProcesso de Escrita [&hellip;]<\/p>\n","protected":false},"author":1,"featured_media":3326,"comment_status":"open","ping_status":"open","sticky":false,"template":"","format":"standard","meta":{"footnotes":""},"categories":[24],"tags":[],"class_list":["post-3325","post","type-post","status-publish","format-standard","has-post-thumbnail","hentry","category-artes"],"_links":{"self":[{"href":"https:\/\/diarioparanaense.com\/index.php?rest_route=\/wp\/v2\/posts\/3325","targetHints":{"allow":["GET"]}}],"collection":[{"href":"https:\/\/diarioparanaense.com\/index.php?rest_route=\/wp\/v2\/posts"}],"about":[{"href":"https:\/\/diarioparanaense.com\/index.php?rest_route=\/wp\/v2\/types\/post"}],"author":[{"embeddable":true,"href":"https:\/\/diarioparanaense.com\/index.php?rest_route=\/wp\/v2\/users\/1"}],"replies":[{"embeddable":true,"href":"https:\/\/diarioparanaense.com\/index.php?rest_route=%2Fwp%2Fv2%2Fcomments&post=3325"}],"version-history":[{"count":1,"href":"https:\/\/diarioparanaense.com\/index.php?rest_route=\/wp\/v2\/posts\/3325\/revisions"}],"predecessor-version":[{"id":3327,"href":"https:\/\/diarioparanaense.com\/index.php?rest_route=\/wp\/v2\/posts\/3325\/revisions\/3327"}],"wp:featuredmedia":[{"embeddable":true,"href":"https:\/\/diarioparanaense.com\/index.php?rest_route=\/wp\/v2\/media\/3326"}],"wp:attachment":[{"href":"https:\/\/diarioparanaense.com\/index.php?rest_route=%2Fwp%2Fv2%2Fmedia&parent=3325"}],"wp:term":[{"taxonomy":"category","embeddable":true,"href":"https:\/\/diarioparanaense.com\/index.php?rest_route=%2Fwp%2Fv2%2Fcategories&post=3325"},{"taxonomy":"post_tag","embeddable":true,"href":"https:\/\/diarioparanaense.com\/index.php?rest_route=%2Fwp%2Fv2%2Ftags&post=3325"}],"curies":[{"name":"wp","href":"https:\/\/api.w.org\/{rel}","templated":true}]}}