{"id":3320,"date":"2024-09-09T14:10:27","date_gmt":"2024-09-09T17:10:27","guid":{"rendered":"https:\/\/diarioparanaense.com\/?p=3320"},"modified":"2024-11-15T16:33:38","modified_gmt":"2024-11-15T19:33:38","slug":"empreendedorismo-com-proposito-elas-fazem-parte-de-uma-nova-geracao-de-empreendedoras","status":"publish","type":"post","link":"https:\/\/diarioparanaense.com\/?p=3320","title":{"rendered":"Empreendedorismo com Prop\u00f3sito: Elas Fazem Parte de uma Nova Gera\u00e7\u00e3o de Empreendedoras"},"content":{"rendered":"\n<p>A nova gera\u00e7\u00e3o de empreendedores busca mais do que lucro: eles querem transformar o mundo. Larissa Schafhauser Vassoler e Nicole Suellen de Farias, com o Studio Lumina, demonstram que \u00e9 poss\u00edvel unir paix\u00e3o, prop\u00f3sito e neg\u00f3cios. Ao criar um espa\u00e7o onde a beleza e o bem-estar se encontram, elas n\u00e3o apenas atendem \u00e0s necessidades de seus clientes, mas tamb\u00e9m inovam em um mercado em constante evolu\u00e7\u00e3o.<\/p>\n\n\n\n<p><strong>De Zootecnia a Beleza: A Jornada de Larissa<\/strong><\/p>\n\n\n\n<p>Larissa come\u00e7ou sua trajet\u00f3ria acad\u00eamica em um campo bem diferente. Estudante dedicada de Zootecnia, ela se preparava para ser nutricionista de animais, mas a necessidade de um trabalho flex\u00edvel durante a faculdade a levou a um universo inesperado: o atendimento ao cliente e, mais tarde, a maquiagem. O que come\u00e7ou como um hobby \u2013 maquiar sua irm\u00e3 e as amigas para festas \u2013 logo se transformou em uma forma de renda extra durante os anos universit\u00e1rios. Ap\u00f3s a formatura, Larissa at\u00e9 tentou seguir na \u00e1rea de forma\u00e7\u00e3o, mas a paix\u00e3o pela beleza nunca deixou de brilhar em seu caminho.<\/p>\n\n\n\n<p>\u201cEu atendia onde pudesse: a domic\u00edlio, em um quartinho improvisado em casa, at\u00e9 no meu pr\u00f3prio quarto\u201d, relembra Larissa. Mesmo com um trabalho na sua \u00e1rea de forma\u00e7\u00e3o, a beleza continuava a ser seu verdadeiro chamado. No final de 2023, ap\u00f3s cinco anos de experi\u00eancia paralela, ela decidiu seguir seu cora\u00e7\u00e3o de vez. A transi\u00e7\u00e3o de uma carreira de zootecnista CLT para empres\u00e1ria da beleza n\u00e3o foi f\u00e1cil, mas era um passo necess\u00e1rio para perseguir seu sonho.<\/p>\n\n\n\n<p><strong>Nicole Entra em Cena: Uma Parceria Nascida da Paix\u00e3o<\/strong><\/p>\n\n\n\n<p>Foi nesse ponto de inflex\u00e3o na vida de Larissa que Nicole, tamb\u00e9m em transi\u00e7\u00e3o de carreira, entrou em contato. Rec\u00e9m-sa\u00edda de um emprego e em busca de um local para atender seus pr\u00f3prios clientes, Nicole prop\u00f4s que elas trabalhassem juntas. Por tr\u00eas meses, elas dividiram o pequeno espa\u00e7o improvisado na casa de Larissa, mas logo perceberam que precisavam de mais.<\/p>\n\n\n\n<p>Um est\u00fadio maior e comercial era o sonho de ambas. Assim nasceu o Studio Lumina, um espa\u00e7o que traduz o significado da palavra latina \u201clumina\u201d \u2013 brilho intenso. \u201cQuer\u00edamos que nossas clientes se sentissem t\u00e3o bem consigo mesmas que espalhassem luz por onde passassem\u201d, diz Nicole.<\/p>\n\n\n\n<p><strong>Construindo Luz e Beleza: O Studio Lumina Hoje<\/strong><\/p>\n\n\n\n<p>Hoje, o Studio Lumina \u00e9 lar n\u00e3o apenas de Larissa e Nicole, que se dedicam \u00e0 est\u00e9tica facial e corporal, mas tamb\u00e9m de J\u00e9ssica, especialista em unhas de gel e Nail Art. Juntas, elas criaram um ambiente acolhedor e exclusivo onde cada cliente recebe um atendimento personalizado e de excel\u00eancia.<\/p>\n\n\n\n<p><strong>Diferenciais do Studio Lumina: Um Espa\u00e7o Humanizado e Exclusivo<\/strong><\/p>\n\n\n\n<p>O Studio Lumina se destaca n\u00e3o apenas pela qualidade dos servi\u00e7os oferecidos, mas tamb\u00e9m pela experi\u00eancia \u00fanica que proporciona aos seus clientes. O ambiente do studio \u00e9 cuidadosamente planejado para ser um ref\u00fagio de tranquilidade e conforto. Cada detalhe, desde a decora\u00e7\u00e3o at\u00e9 o atendimento, \u00e9 pensado para criar uma atmosfera acolhedora e humanizada. As profissionais do Studio Lumina se dedicam a oferecer um atendimento personalizado, que vai al\u00e9m da est\u00e9tica, promovendo um verdadeiro cuidado com cada cliente. O compromisso com a excel\u00eancia e o ambiente exclusivo s\u00e3o parte essencial do que faz do Studio Lumina um local onde a beleza se transforma em uma experi\u00eancia memor\u00e1vel.<\/p>\n\n\n\n<p>Para Larissa, a decis\u00e3o de seguir na \u00e1rea de beleza n\u00e3o foi apenas uma mudan\u00e7a de carreira, mas um resgate da sua verdadeira ess\u00eancia. \u201cNunca fui de uma fam\u00edlia empreendedora, mas descobri que o esp\u00edrito empreendedor estava em mim. N\u00e3o me imagino mais em um escrit\u00f3rio, diante de um computador por oito horas. Preciso trabalhar com algo que flores\u00e7a o meu ser\u201d, explica ela.<\/p>\n\n\n\n<p>Nicole complementa, destacando o impacto transformador da est\u00e9tica al\u00e9m da apar\u00eancia. \u201cO trabalho que fazemos aqui \u00e9 muito mais do que uma mudan\u00e7a de visual. \u00c9 sobre dar \u00e0s pessoas um recome\u00e7o, uma nova chance de se sentirem bem consigo mesmas\u201d, conta.<\/p>\n\n\n\n<p class=\"has-medium-font-size\">Inspirando Outras Mulheres a Seguir Seus Sonhos<\/p>\n\n\n\n<p>Para Larissa e Nicole, o Studio Lumina \u00e9 muito mais do que um neg\u00f3cio; \u00e9 um exemplo vivo de que seguir o cora\u00e7\u00e3o, apesar dos medos e das incertezas, pode levar a resultados extraordin\u00e1rios. Elas acreditam que sua hist\u00f3ria pode inspirar outras mulheres a n\u00e3o temerem a transi\u00e7\u00e3o de carreira, a darem o primeiro passo em dire\u00e7\u00e3o ao seu verdadeiro prop\u00f3sito e a entenderem que, mesmo nos dias dif\u00edceis, \u00e9 poss\u00edvel encontrar luz.<\/p>\n\n\n\n<p>\u201cO pensamento positivo tem poder! Ter\u00e3o dias bons e ruins, mas o importante \u00e9 sempre enxergar o lado bom e ter f\u00e9 que nada \u00e9 em v\u00e3o\u201d, afirma Larissa.<\/p>\n\n\n\n<p>Nicole refor\u00e7a: \u201cN\u00e3o tenha medo de recome\u00e7ar. \u00c0s vezes, um fim \u00e9 s\u00f3 o come\u00e7o de algo muito maior.\u201d<\/p>\n\n\n\n<p><strong>Studio Lumina: Um Sonho Realizado e Uma Luz que Brilha Cada Vez Mais Forte<\/strong><\/p>\n\n\n\n<p>Assim como o significado do nome, o Studio Lumina \u00e9 hoje um s\u00edmbolo de brilho, transforma\u00e7\u00e3o e empoderamento. Um espa\u00e7o onde a beleza n\u00e3o est\u00e1 apenas na superf\u00edcie, mas na coragem de duas mulheres que ousaram sonhar, seguir seus cora\u00e7\u00f5es e espalhar luz para todas que cruzam seu caminho.<\/p>\n\n\n\n<p class=\"has-medium-font-size\">Studio Lumina<\/p>\n\n\n\n<p><strong>Conhe\u00e7a<\/strong><br><strong>Instagram <\/strong>@luminacuritiba<br>@nicoledespigmentadora<br>@larivassoler<\/p>\n\n\n\n<p><strong>Visite<\/strong><br>Rua Antero de Quental 573, bairro Lind\u00f3ia , Curitiba-PR<\/p>\n\n\n\n<p><strong>Agende <\/strong>:<br>+55\u00a041\u00a099684-3508<\/p>\n","protected":false},"excerpt":{"rendered":"<p>A nova gera\u00e7\u00e3o de empreendedores busca mais do que lucro: eles querem transformar o mundo. Larissa Schafhauser Vassoler e Nicole Suellen de Farias, com o Studio Lumina, demonstram que \u00e9 poss\u00edvel unir paix\u00e3o, prop\u00f3sito e neg\u00f3cios. Ao criar um espa\u00e7o onde a beleza e o bem-estar se encontram, elas n\u00e3o apenas atendem \u00e0s necessidades de [&hellip;]<\/p>\n","protected":false},"author":1,"featured_media":3321,"comment_status":"open","ping_status":"open","sticky":false,"template":"","format":"standard","meta":{"footnotes":""},"categories":[434,29,324],"tags":[],"class_list":["post-3320","post","type-post","status-publish","format-standard","has-post-thumbnail","hentry","category-habla-empreendedora","category-artigos","category-negocios"],"_links":{"self":[{"href":"https:\/\/diarioparanaense.com\/index.php?rest_route=\/wp\/v2\/posts\/3320","targetHints":{"allow":["GET"]}}],"collection":[{"href":"https:\/\/diarioparanaense.com\/index.php?rest_route=\/wp\/v2\/posts"}],"about":[{"href":"https:\/\/diarioparanaense.com\/index.php?rest_route=\/wp\/v2\/types\/post"}],"author":[{"embeddable":true,"href":"https:\/\/diarioparanaense.com\/index.php?rest_route=\/wp\/v2\/users\/1"}],"replies":[{"embeddable":true,"href":"https:\/\/diarioparanaense.com\/index.php?rest_route=%2Fwp%2Fv2%2Fcomments&post=3320"}],"version-history":[{"count":2,"href":"https:\/\/diarioparanaense.com\/index.php?rest_route=\/wp\/v2\/posts\/3320\/revisions"}],"predecessor-version":[{"id":3323,"href":"https:\/\/diarioparanaense.com\/index.php?rest_route=\/wp\/v2\/posts\/3320\/revisions\/3323"}],"wp:featuredmedia":[{"embeddable":true,"href":"https:\/\/diarioparanaense.com\/index.php?rest_route=\/wp\/v2\/media\/3321"}],"wp:attachment":[{"href":"https:\/\/diarioparanaense.com\/index.php?rest_route=%2Fwp%2Fv2%2Fmedia&parent=3320"}],"wp:term":[{"taxonomy":"category","embeddable":true,"href":"https:\/\/diarioparanaense.com\/index.php?rest_route=%2Fwp%2Fv2%2Fcategories&post=3320"},{"taxonomy":"post_tag","embeddable":true,"href":"https:\/\/diarioparanaense.com\/index.php?rest_route=%2Fwp%2Fv2%2Ftags&post=3320"}],"curies":[{"name":"wp","href":"https:\/\/api.w.org\/{rel}","templated":true}]}}