{"id":3299,"date":"2024-09-05T13:28:59","date_gmt":"2024-09-05T16:28:59","guid":{"rendered":"https:\/\/diarioparanaense.com\/?p=3299"},"modified":"2024-09-05T13:28:59","modified_gmt":"2024-09-05T16:28:59","slug":"setembro-amarelo","status":"publish","type":"post","link":"https:\/\/diarioparanaense.com\/?p=3299","title":{"rendered":"Setembro Amarelo"},"content":{"rendered":"\n<p><strong><em>Cuidado com a sa\u00fade <\/em><\/strong><a href=\"https:\/\/www.jornaldaadvocacia.com\/noticia\/15815\/setembro-amarelo-e-a-saude-mental-das-maes-atipicas\"><strong><em>mental das m\u00e3es at\u00edpicas<\/em><\/strong><\/a><strong><em> deve ser redobrado, diz especialista<\/em><\/strong><\/p>\n\n\n\n<p><em>Pesquisa mostra que m\u00e3es de filhos com defici\u00eancia intelectual, como TEA e TDAH, enfrentam um desgaste emocional 22% maior<\/em><\/p>\n\n\n\n<p>No pr\u00f3ximo dia 10 de setembro, comemora-se o Dia Mundial de Preven\u00e7\u00e3o ao Suic\u00eddio. A data tem como objetivo conscientizar a popula\u00e7\u00e3o sobre o tema e, durante todo o m\u00eas, a campanha Setembro Amarelo atua como um refor\u00e7o.<\/p>\n\n\n\n<p>Em 2024, o lema \u00e9 \u201cSe precisar, pe\u00e7a ajuda!\u201d e diversas a\u00e7\u00f5es est\u00e3o sendo desenvolvidas para lembrar a import\u00e2ncia desse tema. Contudo, \u00e9 necess\u00e1rio dar uma aten\u00e7\u00e3o ainda maior \u00e0s m\u00e3es de pessoas autistas, at\u00edpicas. \u201c\u00c9 fundamental falar, cuidar e apoiar as m\u00e3es at\u00edpicas, que enfrentam desafios \u00fanicos e intensos ao cuidar de filhos com neurodiverg\u00eancias, que leva h\u00e1 uma carga emocional e psicol\u00f3gica significativa\u201d, comenta Tatiana Serra, analista de Comportamento e Neuropsic\u00f3loga pela USP e CEO do Direcional \u2013 Centro de Sa\u00fade em ABA.<\/p>\n\n\n\n<p>A B2Mamy e a Kiddle Pass publicaram recentemente a primeira pesquisa sobre Burnout Parental realizada no Brasil. O levantamento apresenta dados alarmantes sobre a sa\u00fade mental das m\u00e3es em diferentes contextos, incluindo as m\u00e3es at\u00edpicas. A pesquisa mostra que m\u00e3es de filhos com defici\u00eancia intelectual, como TEA e TDAH, enfrentam um desgaste emocional 22% maior.<\/p>\n\n\n\n<p>As m\u00e3es at\u00edpicas frequentemente enfrentam quest\u00f5es sociais, falta de apoio e sobrecarga de responsabilidades, o que pode aumentar o risco de depress\u00e3o e pensamentos suicidas. \u201c\u00c9 essencial que ofere\u00e7amos recursos de apoio adequados para ajud\u00e1-las a enfrentar essas adversidades e promover sa\u00fade mental e bem-estar. Na minha cl\u00ednica, temos um olhar diferenciado para essas mulheres, com foco em autocuidado, apoio, carinho e abertura\u201d, pontua Tatiana.<\/p>\n\n\n\n<p>Estudos apontam que pais e m\u00e3es de pessoas com autismo, vivem um n\u00edvel de estresse equiparado a soldados combatentes de guerra. Outro estudo indica que o estresse parental reduz a efic\u00e1cia das interven\u00e7\u00f5es. Outros estudos apontam, a dificuldade de ades\u00e3o das m\u00e3es\/pais ao tratamento. Indicam ainda, que as m\u00e3es de pessoas autistas t\u00eam n\u00edvel de estresse mais alto que os pais s\u00e3o maiores que fam\u00edlias de crian\u00e7as com Defici\u00eancia Intelectual e S\u00edndrome de Down. Foi identificado ainda, que o estresse parental, tem rela\u00e7\u00e3o com a redu\u00e7\u00e3o ou limita\u00e7\u00e3o a atividades de interesse de cada respons\u00e1vel. \u201cDessa forma, criamos o Projeto \u201cCuidado Ampliado\u201d que visa oferecer atendimento estendido tanto para os pais, quanto para os irm\u00e3os e av\u00f3s dos clientes atendidos no Direcional, com psicoterapia, rodas de conversas e acolhimento, oficinas, treinamentos, palestras, avalia\u00e7\u00e3o diagn\u00f3stica, SpaceCare e espera assistida com a finalidade de ampliar os cuidados para as necessidades espec\u00edficas de cada indiv\u00edduo atendido, visando a melhoria da sua qualidade de vida\u201d, finaliza.<\/p>\n\n\n\n<p><strong>Sobre<\/strong><br>Tatiana Serra, \u00e9 Psic\u00f3loga pela UNIP (CRP06\/123778),&nbsp;<a>Analista do Comportamento e Neuropsic\u00f3loga pela USP<\/a>. Formada em Organizational Behavior Managment (OBM). Autora do best-seller Autismo: olhar 360. CEO do Direcional \u2013 Centro de Sa\u00fade em ABA e do Instituto ABA360, Cuidado Ampliado para fam\u00edlias neurodiversas. Idealizadora e Apresentadora do podcast \u201cFiz do meu jeito&#8221;. Atuando h\u00e1 12 anos, Tatiana Serra desenvolveu estrat\u00e9gias de tratamentos a partir da Ci\u00eancia ABA, e acredita que o diferencial do seu trabalho \u00e9 o seu olhar 360 graus combinados com a\u00e7\u00f5es 360 a partir da Ci\u00eancia ABA.<\/p>\n\n\n\n<p><em>Fonte:<\/em> <em>setembroamarelo.com<\/em><\/p>\n\n\n\n<p><em>Fonte: B2Mamy e KIddle Pass<\/em><\/p>\n\n\n\n<p><em>Alves, Julia Secatti, Gameiro, Ana Cristina Polycarpo, &amp; Biazi, Paula Hisa Goto. (2022). Estresse, depress\u00e3o e ansiedade em m\u00e3es de autistas: Revis\u00e3o nacional.&nbsp;Revista Psicopedagogia,&nbsp;39(120), 412-424.&nbsp;<\/em><a href=\"https:\/\/doi.org\/10.51207\/2179-4057.20220031\"><em>https:\/\/doi.org\/10.51207\/2179-4057.20220031<\/em><\/a><em><\/em><\/p>\n\n\n\n<p><em>Dabrowska, A. e Pisula, E. (2010), Estresse parental e estilos de enfrentamento em m\u00e3es e pais de crian\u00e7as pr\u00e9-escolares com autismo e s\u00edndrome de Down. <\/em><em>Journal of Intellectual Disability Research, 54: 266-280.&nbsp;<\/em><a href=\"https:\/\/doi.org\/10.1111\/j.1365-2788.2010.01258.x\"><em>https:\/\/doi.org\/10.1111\/j.1365-2788.2010.01258.x<\/em><\/a><em><\/em><\/p>\n\n\n\n<p><em>Davy, G., B\u00e1rbaro, J.,Unwin, K., Clark, M., Jellett, R., Date, P.,Muniandy, M. e Dissanayake, C. (2024). <\/em><em>Lazer,comunidade, participa\u00e7\u00e3o da for\u00e7a de trabalho e qualidade devida em cuidadores prim\u00e1rios e secund\u00e1rios de autistascrian\u00e7as. Pesquisa sobre autismo, 17(4), 799\u2013811. https:\/\/doi.org\/10.1002\/aur.3113DAVI ET AL . 811<\/em><\/p>\n\n\n\n<p><em>Hayes, SA, Watson, SL O impacto do estresse parental: uma meta-an\u00e1lise de estudos que comparam a experi\u00eancia do estresse parental em pais de crian\u00e7as com e sem transtorno do espectro do autismo.&nbsp;<\/em><em>J Autismo Dev Disord&nbsp;<strong>43<\/strong>&nbsp;, 629\u2013642 (2013). <\/em><a href=\"https:\/\/doi.org\/10.1007\/s10803-012-1604-y\"><em>https:\/\/doi.org\/10.1007\/s10803-012-1604-y<\/em><\/a><em><\/em><\/p>\n\n\n\n<p><em>Koegel, RL, Schreibman, L., Loos, LM&nbsp;et al.&nbsp;<\/em><em>Perfis consistentes de estresse em m\u00e3es de crian\u00e7as com autismo.&nbsp;<\/em><em>J Autismo Dev Disord&nbsp;<strong>22<\/strong>&nbsp;, 205\u2013216 (1992). <\/em><a href=\"https:\/\/doi.org\/10.1007\/BF01058151\"><em>https:\/\/doi.org\/10.1007\/BF01058151<\/em><\/a><em><\/em><\/p>\n\n\n\n<p><em>Osborne, LA, McHugh, L., Saunders, J.&nbsp;et al.&nbsp;<\/em><em>O estresse parental reduz a efic\u00e1cia das interven\u00e7\u00f5es de ensino precoce para transtornos do espectro autista.&nbsp;J Autismo Dev Disord&nbsp;<strong>38<\/strong>&nbsp;, 1092\u20131103 (2008). <\/em><a href=\"https:\/\/doi.org\/10.1007\/s10803-007-0497-7\"><em>https:\/\/doi.org\/10.1007\/s10803-007-0497-7<\/em><\/a><em><\/em><\/p>\n\n\n\n<p><em>Schieve, LA, Blumberg, SJ, Rice, C., Visser, SN e Boyle, C. (2007).&nbsp;A rela\u00e7\u00e3o entre autismo e estresse parental. Pediatria, 119 (Suplemento 1), S114 \u2013 S121.&nbsp;doi:10.1542\/peds.2006-2089q&nbsp;<\/em><\/p>\n","protected":false},"excerpt":{"rendered":"<p>Cuidado com a sa\u00fade mental das m\u00e3es at\u00edpicas deve ser redobrado, diz especialista Pesquisa mostra que m\u00e3es de filhos com defici\u00eancia intelectual, como TEA e TDAH, enfrentam um desgaste emocional 22% maior No pr\u00f3ximo dia 10 de setembro, comemora-se o Dia Mundial de Preven\u00e7\u00e3o ao Suic\u00eddio. A data tem como objetivo conscientizar a popula\u00e7\u00e3o sobre [&hellip;]<\/p>\n","protected":false},"author":1,"featured_media":3300,"comment_status":"open","ping_status":"open","sticky":false,"template":"","format":"standard","meta":{"footnotes":""},"categories":[164],"tags":[],"class_list":["post-3299","post","type-post","status-publish","format-standard","has-post-thumbnail","hentry","category-saude-2"],"_links":{"self":[{"href":"https:\/\/diarioparanaense.com\/index.php?rest_route=\/wp\/v2\/posts\/3299","targetHints":{"allow":["GET"]}}],"collection":[{"href":"https:\/\/diarioparanaense.com\/index.php?rest_route=\/wp\/v2\/posts"}],"about":[{"href":"https:\/\/diarioparanaense.com\/index.php?rest_route=\/wp\/v2\/types\/post"}],"author":[{"embeddable":true,"href":"https:\/\/diarioparanaense.com\/index.php?rest_route=\/wp\/v2\/users\/1"}],"replies":[{"embeddable":true,"href":"https:\/\/diarioparanaense.com\/index.php?rest_route=%2Fwp%2Fv2%2Fcomments&post=3299"}],"version-history":[{"count":1,"href":"https:\/\/diarioparanaense.com\/index.php?rest_route=\/wp\/v2\/posts\/3299\/revisions"}],"predecessor-version":[{"id":3301,"href":"https:\/\/diarioparanaense.com\/index.php?rest_route=\/wp\/v2\/posts\/3299\/revisions\/3301"}],"wp:featuredmedia":[{"embeddable":true,"href":"https:\/\/diarioparanaense.com\/index.php?rest_route=\/wp\/v2\/media\/3300"}],"wp:attachment":[{"href":"https:\/\/diarioparanaense.com\/index.php?rest_route=%2Fwp%2Fv2%2Fmedia&parent=3299"}],"wp:term":[{"taxonomy":"category","embeddable":true,"href":"https:\/\/diarioparanaense.com\/index.php?rest_route=%2Fwp%2Fv2%2Fcategories&post=3299"},{"taxonomy":"post_tag","embeddable":true,"href":"https:\/\/diarioparanaense.com\/index.php?rest_route=%2Fwp%2Fv2%2Ftags&post=3299"}],"curies":[{"name":"wp","href":"https:\/\/api.w.org\/{rel}","templated":true}]}}