{"id":3297,"date":"2024-09-05T13:33:42","date_gmt":"2024-09-05T16:33:42","guid":{"rendered":"https:\/\/diarioparanaense.com\/?p=3297"},"modified":"2024-09-05T13:33:42","modified_gmt":"2024-09-05T16:33:42","slug":"exposicao-apresenta-recorte-inedito-sobre-a-praca-e-a-catedral-da-se-ao-longo-de-162-anos","status":"publish","type":"post","link":"https:\/\/diarioparanaense.com\/?p=3297","title":{"rendered":"EXPOSI\u00c7\u00c3O APRESENTA RECORTE IN\u00c9DITO SOBRE A PRA\u00c7A E A CATEDRAL DA S\u00c9 AO LONGO DE 162 ANOS"},"content":{"rendered":"\n<p><strong><em>Ele<\/em><\/strong><strong><em>mentos \u00f3pticos interativos propiciar\u00e3o ao p\u00fablico ver de perto itens esculpidos no templo e hoje posicionados a at\u00e9 30 metros de altura.<\/em><\/strong><\/p>\n\n\n\n<p>A expans\u00e3o da cidade de S\u00e3o Paulo de uma pequena capital de prov\u00edncia (atr\u00e1s de cidades como Cuiab\u00e1, Niter\u00f3i e Fortaleza) a uma das maiores metr\u00f3poles do mundo \u00e9 um dos temas que pode ser observado na exposi\u00e7\u00e3o \u201cS\u00e9: Catedral, Pra\u00e7a e Marco\u201d, que <strong>acontece a partir de 15 de agosto dentro da pr\u00f3pria Catedral, com entrada gratuita.<\/strong><\/p>\n\n\n\n<p>Com 115 fotos de alguns dos principais nomes da \u00e1rea no \u00faltimo s\u00e9culo, <strong>a mostra conta com apoio da Cidade de S\u00e3o Paulo e enfoca diversos momentos da Pra\u00e7a da S\u00e9 e da constru\u00e7\u00e3o da principal igreja do munic\u00edpio <\/strong>(que teve suas obras iniciadas em 1912 est\u00e1 completando 70 anos em 2024). Imagens in\u00e9ditas dos oper\u00e1rios que ergueram o templo ao longo de mais de 40 anos evidenciam a propor\u00e7\u00e3o da constru\u00e7\u00e3o e detalhes que at\u00e9 ent\u00e3o nunca tinham sido exibidos ao p\u00fablico.<\/p>\n\n\n\n<p>A imagem mais antiga, de Milit\u00e3o Augusto de Azevedo, mostra o Largo da S\u00e9 (que ficava pr\u00f3ximo onde hoje est\u00e1 a sede da Caixa Cultural). Trata-se de um dos primeiros registros fotogr\u00e1ficos da cidade (1862). Cinquenta anos depois o largo (junto com a primeira Catedral, de estilo barroco) seria demolido, dando lugar a uma pra\u00e7a oito vezes maior.<\/p>\n\n\n\n<p>O espa\u00e7o da pra\u00e7a na vida da cidade tamb\u00e9m \u00e9 abordado, com imagens de protestos pela Revolu\u00e7\u00e3o de 1932 (autor desconhecido), o com\u00edcio das Diretas J\u00e1 em 1984 (foto<\/p>\n\n\n\n<p>de Fernando Santos) e muitos outros. As 115 imagens da mostra encontravam-se dispersas em arquivos p\u00fablicos e privados (como do Instituto Moreira Salles, Museu Paulista, Arquivo Metropolitano da C\u00faria e outros), tendo sido reunidas pela primeira vez para a exposi\u00e7\u00e3o.<\/p>\n\n\n<div class=\"wp-block-image\">\n<figure class=\"aligncenter size-full\"><img loading=\"lazy\" decoding=\"async\" width=\"313\" height=\"207\" src=\"https:\/\/diarioparanaense.com\/wp-content\/uploads\/2024\/09\/Imagem2.jpg\" alt=\"\" class=\"wp-image-3304\" srcset=\"https:\/\/diarioparanaense.com\/wp-content\/uploads\/2024\/09\/Imagem2.jpg 313w, https:\/\/diarioparanaense.com\/wp-content\/uploads\/2024\/09\/Imagem2-300x198.jpg 300w\" sizes=\"auto, (max-width: 313px) 100vw, 313px\" \/><\/figure><\/div>\n\n\n<p><em>O Largo da S\u00e9 em 1862 (foto \u00e0 esq.,de Milit\u00e3o Augusto de Azevedo), \u00e0 esq. E a Pra\u00e7a da S\u00e9, com a Catedral em constru\u00e7\u00e3o ao fundo (foto de Hildegard Rosenthal, 1940. Acervo do Instituto Moreira Salles), \u00e0 direita.<\/em><\/p>\n\n\n\n<p>Das charretes aos bondes e carros, passando pela maior presen\u00e7a de pessoas nas ruas, \u00e9 poss\u00edvel observar o crescimento da cidade e a evolu\u00e7\u00e3o das pr\u00f3prias t\u00e9cnicas de produ\u00e7\u00e3o de imagem ao longo do tempo. \u201cIsso, pois a populariza\u00e7\u00e3o da fotografia coincide com a explos\u00e3o do crescimento de S\u00e3o Paulo\u201d, <strong>afirma Camilo Cassoli, curador respons\u00e1vel pela mostra. <\/strong>\u201cAl\u00e9m dos pr\u00f3prios dispositivos de registro &#8211; das pesadas c\u00e2meras iniciais do s\u00e9culo XIX at\u00e9 os atuais drones &#8211; nas cenas fotografadas podemos ver a presen\u00e7a das c\u00e2meras de televis\u00e3o iniciais e dos primeiros telefones celulares com c\u00e2meras\u201d, complementa.<\/p>\n\n\n\n<p>Juntamente \u00e0s imagens impressas, o p\u00fablico poder\u00e1 observar &#8211; a partir de dispositivos \u00f3pticos especialmente instalados na Catedral &#8211; detalhes do edif\u00edcio dificilmente observ\u00e1veis a olho nu. <strong>Esculturas e vitrais presentes a at\u00e9 30 metros de altura ser\u00e3o aproximados por instrumentos dispon\u00edveis para observa\u00e7\u00e3o dos visitantes.<\/strong><\/p>\n\n\n\n<p>Animais da fauna brasileira, esculpidos em colunas da Catedral da S\u00e9, autor desconhecido (d\u00e9cada de 1940), \u00e0 esq. \u00c0 direita, restauro da Catedral, em 2001. Foto de Iat\u00e3 Cannabrava.<\/p>\n\n\n<div class=\"wp-block-image\">\n<figure class=\"aligncenter size-full\"><img loading=\"lazy\" decoding=\"async\" width=\"279\" height=\"197\" src=\"https:\/\/diarioparanaense.com\/wp-content\/uploads\/2024\/09\/Imagem3.jpg\" alt=\"\" class=\"wp-image-3305\" srcset=\"https:\/\/diarioparanaense.com\/wp-content\/uploads\/2024\/09\/Imagem3.jpg 279w, https:\/\/diarioparanaense.com\/wp-content\/uploads\/2024\/09\/Imagem3-100x70.jpg 100w\" sizes=\"auto, (max-width: 279px) 100vw, 279px\" \/><\/figure><\/div>\n\n\n<p>A expografia da mostra tamb\u00e9m dialoga com o espa\u00e7o, explorando &#8211; com transpar\u00eancia de suas divis\u00f3rias e suportes para textos &#8211; recortes de vistas do templo e aspectos das cores de seus vitrais. \u201cProcuramos uma instala\u00e7\u00e3o que interaja com o ambiente, propondo novas formas de observa\u00e7\u00e3o dele n\u00e3o apenas a partir de suas imagens hist\u00f3ricas, mas tamb\u00e9m propondo aspectos que o visitante poder\u00e1 ver a olho nu ou pelos mon\u00f3culos que haver\u00e1 no local\u201d, <strong>comenta Camilo Cassoli<\/strong>. Uma instala\u00e7\u00e3o tamb\u00e9m reunir\u00e1 lado a lado exemplares de diversos tipos de rochas e min\u00e9rios utilizados na constru\u00e7\u00e3o, pr\u00f3ximos a imagens deles sendo esculpidos in loco no in\u00edcio do S\u00e9culo XX.<\/p>\n\n\n\n<p>Pra\u00e7a da S\u00e9, anos 1930. Autor desconhecido. Acervo do Museu de Cidade de S\u00e3o Paulo.<\/p>\n\n\n\n<h1 class=\"wp-block-heading\">SERVI\u00c7O<\/h1>\n\n\n\n<p>Exposi\u00e7\u00e3o \u201cS\u00e9: Catedral, Pra\u00e7a e Marco\u201d. Catedral da S\u00e9. Pra\u00e7a da S\u00e9, S\/N.<\/p>\n\n\n\n<p>De 15 de agosto de 2024 a 17 de novembro de 2024.<\/p>\n\n\n\n<p>Das 10 \u00e0s 17 horas. Entrada Gratuita.<\/p>\n","protected":false},"excerpt":{"rendered":"<p>Elementos \u00f3pticos interativos propiciar\u00e3o ao p\u00fablico ver de perto itens esculpidos no templo e hoje posicionados a at\u00e9 30 metros de altura. A expans\u00e3o da cidade de S\u00e3o Paulo de uma pequena capital de prov\u00edncia (atr\u00e1s de cidades como Cuiab\u00e1, Niter\u00f3i e Fortaleza) a uma das maiores metr\u00f3poles do mundo \u00e9 um dos temas que [&hellip;]<\/p>\n","protected":false},"author":1,"featured_media":3306,"comment_status":"open","ping_status":"open","sticky":false,"template":"","format":"standard","meta":{"footnotes":""},"categories":[29],"tags":[],"class_list":["post-3297","post","type-post","status-publish","format-standard","has-post-thumbnail","hentry","category-artigos"],"_links":{"self":[{"href":"https:\/\/diarioparanaense.com\/index.php?rest_route=\/wp\/v2\/posts\/3297","targetHints":{"allow":["GET"]}}],"collection":[{"href":"https:\/\/diarioparanaense.com\/index.php?rest_route=\/wp\/v2\/posts"}],"about":[{"href":"https:\/\/diarioparanaense.com\/index.php?rest_route=\/wp\/v2\/types\/post"}],"author":[{"embeddable":true,"href":"https:\/\/diarioparanaense.com\/index.php?rest_route=\/wp\/v2\/users\/1"}],"replies":[{"embeddable":true,"href":"https:\/\/diarioparanaense.com\/index.php?rest_route=%2Fwp%2Fv2%2Fcomments&post=3297"}],"version-history":[{"count":1,"href":"https:\/\/diarioparanaense.com\/index.php?rest_route=\/wp\/v2\/posts\/3297\/revisions"}],"predecessor-version":[{"id":3307,"href":"https:\/\/diarioparanaense.com\/index.php?rest_route=\/wp\/v2\/posts\/3297\/revisions\/3307"}],"wp:featuredmedia":[{"embeddable":true,"href":"https:\/\/diarioparanaense.com\/index.php?rest_route=\/wp\/v2\/media\/3306"}],"wp:attachment":[{"href":"https:\/\/diarioparanaense.com\/index.php?rest_route=%2Fwp%2Fv2%2Fmedia&parent=3297"}],"wp:term":[{"taxonomy":"category","embeddable":true,"href":"https:\/\/diarioparanaense.com\/index.php?rest_route=%2Fwp%2Fv2%2Fcategories&post=3297"},{"taxonomy":"post_tag","embeddable":true,"href":"https:\/\/diarioparanaense.com\/index.php?rest_route=%2Fwp%2Fv2%2Ftags&post=3297"}],"curies":[{"name":"wp","href":"https:\/\/api.w.org\/{rel}","templated":true}]}}