{"id":3295,"date":"2024-09-05T13:39:13","date_gmt":"2024-09-05T16:39:13","guid":{"rendered":"https:\/\/diarioparanaense.com\/?p=3295"},"modified":"2024-09-05T13:39:14","modified_gmt":"2024-09-05T16:39:14","slug":"psicologa-elisangela-passos-lanca-livro-alem-do-infarto-na-bienal-em-sao-paulo","status":"publish","type":"post","link":"https:\/\/diarioparanaense.com\/?p=3295","title":{"rendered":"Psic\u00f3loga Elis\u00e2ngela Passos lan\u00e7a livro &#8220;Al\u00e9m do Infarto&#8221; na Bienal em S\u00e3o Paulo"},"content":{"rendered":"\n<p class=\"has-medium-font-size\">Evento de lan\u00e7amento com a autora acontece no dia 07 de setembro, destacando a jornada de supera\u00e7\u00e3o e redescoberta ap\u00f3s um infarto<\/p>\n\n\n\n<p>A psic\u00f3loga cl\u00ednica e organizacional Elis\u00e2ngela Passos estar\u00e1 presente na Bienal Internacional do Livro, de 6 a 8 de setembro, para o lan\u00e7amento de seu novo livro, &#8220;Al\u00e9m do Infarto &#8211; Uma Jornada de Redescoberta e Carreira&#8221;. No s\u00e1bado, 07 de setembro, das 12h \u00e0s 19h, os leitores ter\u00e3o a oportunidade de conhecer a autora pessoalmente no estande da editora UICLAP.<\/p>\n\n\n\n<p>Em &#8220;Al\u00e9m do Infarto&#8221;, Elis\u00e2ngela Passos compartilha sua experi\u00eancia transformadora ap\u00f3s sofrer um infarto, que redefiniu sua vis\u00e3o de vida e carreira. Com uma d\u00e9cada de experi\u00eancia na psicologia, Elis\u00e2ngela utiliza uma linguagem acess\u00edvel e sens\u00edvel para revelar como momentos dif\u00edceis podem se tornar oportunidades de crescimento e renova\u00e7\u00e3o.<\/p>\n\n\n\n<p>\u201cEm uma d\u00e9cada de profiss\u00e3o, j\u00e1 passei por momentos dif\u00edceis e encontrei na psicologia uma forma de superar e transformar, e \u00e9 essa experi\u00eancia que quero passar no livro ap\u00f3s sofrer um infarto\u201d, declara Elis\u00e2ngela Passos.<\/p>\n\n\n\n<p>O livro aborda temas essenciais como autoconhecimento, sa\u00fade mental, resili\u00eancia emocional e a integra\u00e7\u00e3o entre vida pessoal e profissional. Elis\u00e2ngela destaca a import\u00e2ncia do autocuidado e da resili\u00eancia, oferecendo ferramentas pr\u00e1ticas para fortalecer a sa\u00fade emocional e reconstruir uma carreira alinhada com as paix\u00f5es individuais.<\/p>\n\n\n\n<p>Os leitores descobrir\u00e3o como transformar adversidades em oportunidades de crescimento, estrat\u00e9gias para reconstruir uma carreira, e li\u00e7\u00f5es valiosas para uma vida plena e integrada. &#8220;Al\u00e9m do Infarto&#8221; \u00e9 um guia inspirador para todos que buscam equil\u00edbrio e realiza\u00e7\u00e3o em suas vidas.<\/p>\n\n\n\n<p>Servi\u00e7o:<\/p>\n\n\n\n<p>Lan\u00e7amento do livro de Elis\u00e2ngela Passos &#8220;Al\u00e9m do Infarto&#8221; na Bienal Internacional do Livro de S\u00e3o Paulo<\/p>\n\n\n\n<p>Data: S\u00e1bado, 07 de setembro de 2024<br>Hor\u00e1rio:12h \u00e0s 19h<br>Local: Distrito Anhembi, Av. Olavo Fontoura, 1209 &#8211; Port\u00e3o 38 &#8211; Santana, S\u00e3o Paulo<\/p>\n\n\n\n<p>Mais informa\u00e7\u00f5es sobre o livro no https:\/\/www.instagram.com\/psico.elipassos?igsh=MWIzaXZqdWMyeXNrZQ==<\/p>\n","protected":false},"excerpt":{"rendered":"<p>Evento de lan\u00e7amento com a autora acontece no dia 07 de setembro, destacando a jornada de supera\u00e7\u00e3o e redescoberta ap\u00f3s um infarto A psic\u00f3loga cl\u00ednica e organizacional Elis\u00e2ngela Passos estar\u00e1 presente na Bienal Internacional do Livro, de 6 a 8 de setembro, para o lan\u00e7amento de seu novo livro, &#8220;Al\u00e9m do Infarto &#8211; Uma Jornada [&hellip;]<\/p>\n","protected":false},"author":1,"featured_media":3310,"comment_status":"open","ping_status":"open","sticky":false,"template":"","format":"standard","meta":{"footnotes":""},"categories":[142],"tags":[],"class_list":["post-3295","post","type-post","status-publish","format-standard","has-post-thumbnail","hentry","category-literatura"],"_links":{"self":[{"href":"https:\/\/diarioparanaense.com\/index.php?rest_route=\/wp\/v2\/posts\/3295","targetHints":{"allow":["GET"]}}],"collection":[{"href":"https:\/\/diarioparanaense.com\/index.php?rest_route=\/wp\/v2\/posts"}],"about":[{"href":"https:\/\/diarioparanaense.com\/index.php?rest_route=\/wp\/v2\/types\/post"}],"author":[{"embeddable":true,"href":"https:\/\/diarioparanaense.com\/index.php?rest_route=\/wp\/v2\/users\/1"}],"replies":[{"embeddable":true,"href":"https:\/\/diarioparanaense.com\/index.php?rest_route=%2Fwp%2Fv2%2Fcomments&post=3295"}],"version-history":[{"count":1,"href":"https:\/\/diarioparanaense.com\/index.php?rest_route=\/wp\/v2\/posts\/3295\/revisions"}],"predecessor-version":[{"id":3311,"href":"https:\/\/diarioparanaense.com\/index.php?rest_route=\/wp\/v2\/posts\/3295\/revisions\/3311"}],"wp:featuredmedia":[{"embeddable":true,"href":"https:\/\/diarioparanaense.com\/index.php?rest_route=\/wp\/v2\/media\/3310"}],"wp:attachment":[{"href":"https:\/\/diarioparanaense.com\/index.php?rest_route=%2Fwp%2Fv2%2Fmedia&parent=3295"}],"wp:term":[{"taxonomy":"category","embeddable":true,"href":"https:\/\/diarioparanaense.com\/index.php?rest_route=%2Fwp%2Fv2%2Fcategories&post=3295"},{"taxonomy":"post_tag","embeddable":true,"href":"https:\/\/diarioparanaense.com\/index.php?rest_route=%2Fwp%2Fv2%2Ftags&post=3295"}],"curies":[{"name":"wp","href":"https:\/\/api.w.org\/{rel}","templated":true}]}}