{"id":3294,"date":"2024-09-05T13:41:09","date_gmt":"2024-09-05T16:41:09","guid":{"rendered":"https:\/\/diarioparanaense.com\/?p=3294"},"modified":"2024-09-05T13:41:10","modified_gmt":"2024-09-05T16:41:10","slug":"adolescentes-de-almirante-tamandare-levam-talento-musical-ao-sesc-da-esquina","status":"publish","type":"post","link":"https:\/\/diarioparanaense.com\/?p=3294","title":{"rendered":"Adolescentes de Almirante Tamandar\u00e9 levam talento musical ao Sesc da Esquina"},"content":{"rendered":"\n<p class=\"has-medium-font-size\">Mostra do Projeto Dorcas, dia 20 de setembro, mistura canto coral, flauta doce e metais e vai de Hermeto Pascoal a Samuel Rosa<\/p>\n\n\n\n<p>A cada nova apresenta\u00e7\u00e3o, eles revelam o esfor\u00e7o do aprendizado e da supera\u00e7\u00e3o de barreiras sociais e econ\u00f4micas. Inspirados pela inventividade da m\u00fasica brasileira, 40 adolescentes do Projeto M\u00fasica no Bairro, com idades de 10 a 18 anos, moradores do Bairro Bonfim, em Almirante Tamandar\u00e9, trazem todo o trabalho realizado no semestre para um show gratuito no Teatro do Sesc da Esquina.<\/p>\n\n\n\n<p>O trabalho j\u00e1 dura mais de uma d\u00e9cada, como atividade do Projeto Dorcas. Dia 20 de setembro, o p\u00fablico curitibano tem a chance de conferir essa evolu\u00e7\u00e3o no espet\u00e1culo &#8220;Dorcas enCanta o Brasil&#8221;. No repert\u00f3rio, m\u00fasica brasileira que mistura canto coral, flauta doce e instrumentos de metais.<\/p>\n\n\n\n<p>Os grupo de Flauta Doce, o grupo de metais e o coro Pipa Amarela do Projeto Dorcas encenam, tocam e cantam o \u201cMaracatu &#8211; Dimas Sed\u00edcias\u201d; \u201cCanto de Afox\u00e9\u201d, de Caetano Veloso; \u201cOvo\u201d, de Hermeto Pascoal; \u201cResposta\u201d, de Samuel Rosa; \u201cXote das Meninas\u201d, de Luiz Gonzaga; \u201cApenas Mais uma de Amor\u201d, de Lulu Santos; \u201cManh\u00e3 de Carnaval\u201d, de Luiz Bonf\u00e1; \u201cSamba de Roda\u201d, poutpourri de Mariene de Castro; \u201cMais Que Nada\u201d, de Jorge Ben Jor; \u201cBananaite\u201d, da Bananeira Brass Band; e \u201cCheia de Mania\u201d, do Ra\u00e7a Negra.<\/p>\n\n\n\n<p>\u201cCada nova apresenta\u00e7\u00e3o vem recheada de muitas emo\u00e7\u00f5es, de alegria, um pouco de nervosismo, mas tamb\u00e9m de muita confian\u00e7a nos nossos alunos e no trabalho desenvolvido com eles durante o ano\u201d, conta a professora e coordenadora de m\u00fasica do Projeto Dorcas, Giovana Demarco. \u201cV\u00ea-los confiantes, soltos e alegres \u00e9 emocionante, pois atr\u00e1s de cada um existe muita hist\u00f3ria.\u201d<\/p>\n\n\n\n<p>Ela explica que o projeto musical do Dorcas busca transformar de modo efetivo a realidade da comunidade do bairro em que as 300 crian\u00e7as e adolescentes vivem, atrav\u00e9s de atividades culturais, com aulas de instrumentos de sopro e canto coral. \u201c\u00c9 a forma que encontramos para eles se aproximarem das possibilidades sonoras, para que eles entendam que s\u00e3o seres corp\u00f3reos, sonoros, perform\u00e1ticos, em constante movimento e com muito potencial.\u201d<\/p>\n\n\n\n<p class=\"has-medium-font-size\">Conhe\u00e7a a m\u00fasica do Dorcas<\/p>\n\n\n\n<p>A apresenta\u00e7\u00e3o semestral do Dorcas traz crian\u00e7as e jovens que tiveram o primeiro contato com a m\u00fasica ali no projeto, com sucessos brasileiros e internacionais tocados com instrumentos de percuss\u00e3o e muita movimenta\u00e7\u00e3o c\u00eanica. \u201cQuando a gente v\u00ea as crian\u00e7as cantando t\u00e3o lindas, n\u00e3o esquece que, antes do show, tem muito trabalho. Apoiamos crian\u00e7as que t\u00eam muitas dores, e por isso nossa equipe de psic\u00f3logos, psicopedagogos e assistentes sociais \u00e9 muito presente para auxiliar a vencer as in\u00fameras dificuldades\u201d, explica a diretora do Projeto Dorcas, Darcl\u00ea Westphal da Cunha.<\/p>\n\n\n\n<p>Para ela, todo o esfor\u00e7o em educa\u00e7\u00e3o musical do projeto integra um contexto mais amplo de estrat\u00e9gias para ajudar as crian\u00e7as e adolescentes atendidos em seu desenvolvimento pessoal, autoestima e a acreditar que podem ter um futuro melhor.<\/p>\n\n\n\n<p>O Projeto Dorcas atua desde 1996 com sede na Rodovia dos Min\u00e9rios, no bairro Bonfim, em Almirante Tamandar\u00e9. Com a miss\u00e3o de atender crian\u00e7as, adolescentes e jovens em situa\u00e7\u00e3o de vulnerabilidade social, enfoca as necessidades b\u00e1sicas como alimenta\u00e7\u00e3o e educa\u00e7\u00e3o, agregando valores crist\u00e3os como amor, esperan\u00e7a, paz e justi\u00e7a.<\/p>\n\n\n\n<p>Desde a sua funda\u00e7\u00e3o, j\u00e1 atendeu mais de 4.000 pessoas. Hoje, recebe cerca de 300 crian\u00e7as e adolescentes entre 4 e 21 anos e suas fam\u00edlias, de segunda a s\u00e1bado, durante o contraturno escolar, servindo quatro refei\u00e7\u00f5es di\u00e1rias.<\/p>\n\n\n\n<p><strong>SERVI\u00c7O<\/strong><\/p>\n\n\n\n<p><strong>Dorcas enCanta o Brasil<br><\/strong>Concerto com adolescentes do Projeto Dorcas<\/p>\n\n\n\n<p>Dia 20 de setembro, \u00e0s 19h<br>Local &#8211; Teatro Sesc da Esquina (R. Visc. do Rio Branco, 969 &#8211; Merc\u00eas)<br>Entrada franca.<\/p>\n\n\n\n<p>Sobre n\u00f3s: Desde 1996, o Projeto Dorcas \u00e9 reconhecido pelo poder p\u00fablico e pela popula\u00e7\u00e3o local como uma entidade comprometida com o bem estar da comunidade do bairro Bonfim, em Almirante Tamandar\u00e9. Administrado pela Associa\u00e7\u00e3o Evang\u00e9lica Cristo Redentor (AECRI), oferece aulas de refor\u00e7o no contraturno escolar, m\u00fasica e esportes, al\u00e9m de quatro refei\u00e7\u00f5es di\u00e1rias, a cerca de 300 crian\u00e7as e adolescentes de 4 a 21 anos. Saiba mais no site&nbsp;do&nbsp;projeto.<\/p>\n","protected":false},"excerpt":{"rendered":"<p>Mostra do Projeto Dorcas, dia 20 de setembro, mistura canto coral, flauta doce e metais e vai de Hermeto Pascoal a Samuel Rosa A cada nova apresenta\u00e7\u00e3o, eles revelam o esfor\u00e7o do aprendizado e da supera\u00e7\u00e3o de barreiras sociais e econ\u00f4micas. Inspirados pela inventividade da m\u00fasica brasileira, 40 adolescentes do Projeto M\u00fasica no Bairro, com [&hellip;]<\/p>\n","protected":false},"author":1,"featured_media":3312,"comment_status":"open","ping_status":"open","sticky":false,"template":"","format":"standard","meta":{"footnotes":""},"categories":[431],"tags":[],"class_list":["post-3294","post","type-post","status-publish","format-standard","has-post-thumbnail","hentry","category-cultura"],"_links":{"self":[{"href":"https:\/\/diarioparanaense.com\/index.php?rest_route=\/wp\/v2\/posts\/3294","targetHints":{"allow":["GET"]}}],"collection":[{"href":"https:\/\/diarioparanaense.com\/index.php?rest_route=\/wp\/v2\/posts"}],"about":[{"href":"https:\/\/diarioparanaense.com\/index.php?rest_route=\/wp\/v2\/types\/post"}],"author":[{"embeddable":true,"href":"https:\/\/diarioparanaense.com\/index.php?rest_route=\/wp\/v2\/users\/1"}],"replies":[{"embeddable":true,"href":"https:\/\/diarioparanaense.com\/index.php?rest_route=%2Fwp%2Fv2%2Fcomments&post=3294"}],"version-history":[{"count":1,"href":"https:\/\/diarioparanaense.com\/index.php?rest_route=\/wp\/v2\/posts\/3294\/revisions"}],"predecessor-version":[{"id":3313,"href":"https:\/\/diarioparanaense.com\/index.php?rest_route=\/wp\/v2\/posts\/3294\/revisions\/3313"}],"wp:featuredmedia":[{"embeddable":true,"href":"https:\/\/diarioparanaense.com\/index.php?rest_route=\/wp\/v2\/media\/3312"}],"wp:attachment":[{"href":"https:\/\/diarioparanaense.com\/index.php?rest_route=%2Fwp%2Fv2%2Fmedia&parent=3294"}],"wp:term":[{"taxonomy":"category","embeddable":true,"href":"https:\/\/diarioparanaense.com\/index.php?rest_route=%2Fwp%2Fv2%2Fcategories&post=3294"},{"taxonomy":"post_tag","embeddable":true,"href":"https:\/\/diarioparanaense.com\/index.php?rest_route=%2Fwp%2Fv2%2Ftags&post=3294"}],"curies":[{"name":"wp","href":"https:\/\/api.w.org\/{rel}","templated":true}]}}