{"id":3289,"date":"2024-09-04T11:36:32","date_gmt":"2024-09-04T14:36:32","guid":{"rendered":"https:\/\/diarioparanaense.com\/?p=3289"},"modified":"2024-09-04T11:36:32","modified_gmt":"2024-09-04T14:36:32","slug":"farmacias-nissei-recebe-unidade-movel-de-cursos-gratuitos-do-senac-pr","status":"publish","type":"post","link":"https:\/\/diarioparanaense.com\/?p=3289","title":{"rendered":"Farm\u00e1cias Nissei recebe unidade m\u00f3vel de cursos gratuitos do SENAC-PR"},"content":{"rendered":"\n<p class=\"has-medium-font-size\">Institui\u00e7\u00e3o que oferece qualifica\u00e7\u00e3o profissional para a popula\u00e7\u00e3o estar\u00e1 at\u00e9 o fim do ano em estacionamentos das lojas da rede de farm\u00e1cias em Curitiba e Regi\u00e3o Metropolitana<\/p>\n\n\n\n<p>A partir do fim de agosto at\u00e9 o m\u00eas de dezembro os estacionamentos de lojas selecionadas das farm\u00e1cias Nissei recebem as Unidades M\u00f3veis do SENAC-PR, que oferecer\u00e3o cursos profissionalizantes gratuitos para toda a popula\u00e7\u00e3o. A a\u00e7\u00e3o acontece at\u00e9 02 de dezembro.<\/p>\n\n\n\n<p>Ser\u00e3o oferecidos nove cursos nas \u00e1reas da beleza, atendimento ao cliente, comunica\u00e7\u00e3o e imagem pessoal. A Nissei disponibilizar\u00e1 os amplos estacionamentos de quatro lojas da rede, para alcan\u00e7ar o p\u00fablico em regi\u00f5es diversas de Curitiba e Regi\u00e3o Metropolitana, e assim abranger o maior n\u00famero de pessoas poss\u00edveis na a\u00e7\u00e3o, que d\u00e1 a oportunidade para quem realizar o curso obter uma boa coloca\u00e7\u00e3o no mercado de trabalho.<\/p>\n\n\n\n<p>O CEO da Nissei, Alexandre Maeoka, celebra a parceria entre a rede de farm\u00e1cias e o SENAC-PR. \u201cA miss\u00e3o da Nissei \u00e9 levar bem-estar para os nossos clientes e contribuir com as comunidades nas quais as nossas lojas est\u00e3o inseridas. Isso vai de encontro com o prop\u00f3sito das Unidades M\u00f3veis do SENAC, que proporcionam qualifica\u00e7\u00e3o profissional e novas oportunidades para quem precisa se inserir no mercado de trabalho\u201d, conclui Maeoka.<\/p>\n\n\n\n<p>As inscri\u00e7\u00f5es j\u00e1 est\u00e3o dispon\u00edveis atrav\u00e9s do site: www.farmaciasnissei.com.br\/curso-gratuito. Todos que conclu\u00edrem os cursos receber\u00e3o o certificado do SENAC, que traz credibilidade e qualifica\u00e7\u00e3o para o profissional levar no curr\u00edculo.<\/p>\n\n\n\n<p>Para se inscrever em vagas do programa Senac Gratuidade o candidato deve atender aos pr\u00e9-requisitos dos cursos e a renda familiar mensal dever\u00e1 ser de at\u00e9 2 sal\u00e1rios m\u00ednimos federais.<\/p>\n\n\n\n<p class=\"has-medium-font-size\">Contatos<\/p>\n\n\n\n<p>Apoio para inscri\u00e7\u00f5es e d\u00favidas: luciana.nicaretta@pr.senac.br, Fone: 3219-4827<br>Programa\u00e7\u00e3o e outras d\u00favidas: andrea.acruz@pr.senac.br, Fone: 3219-4864<\/p>\n\n\n\n<p>Confira abaixo as datas, locais e cursos&nbsp;dispon\u00edveis:<\/p>\n\n\n\n<figure class=\"wp-block-image size-full\"><img loading=\"lazy\" decoding=\"async\" width=\"363\" height=\"504\" src=\"https:\/\/diarioparanaense.com\/wp-content\/uploads\/2024\/09\/04092412.jpg\" alt=\"\" class=\"wp-image-3290\" srcset=\"https:\/\/diarioparanaense.com\/wp-content\/uploads\/2024\/09\/04092412.jpg 363w, https:\/\/diarioparanaense.com\/wp-content\/uploads\/2024\/09\/04092412-216x300.jpg 216w, https:\/\/diarioparanaense.com\/wp-content\/uploads\/2024\/09\/04092412-303x420.jpg 303w\" sizes=\"auto, (max-width: 363px) 100vw, 363px\" \/><\/figure>\n","protected":false},"excerpt":{"rendered":"<p>Institui\u00e7\u00e3o que oferece qualifica\u00e7\u00e3o profissional para a popula\u00e7\u00e3o estar\u00e1 at\u00e9 o fim do ano em estacionamentos das lojas da rede de farm\u00e1cias em Curitiba e Regi\u00e3o Metropolitana A partir do fim de agosto at\u00e9 o m\u00eas de dezembro os estacionamentos de lojas selecionadas das farm\u00e1cias Nissei recebem as Unidades M\u00f3veis do SENAC-PR, que oferecer\u00e3o cursos [&hellip;]<\/p>\n","protected":false},"author":1,"featured_media":3291,"comment_status":"open","ping_status":"open","sticky":false,"template":"","format":"standard","meta":{"footnotes":""},"categories":[29],"tags":[],"class_list":["post-3289","post","type-post","status-publish","format-standard","has-post-thumbnail","hentry","category-artigos"],"_links":{"self":[{"href":"https:\/\/diarioparanaense.com\/index.php?rest_route=\/wp\/v2\/posts\/3289","targetHints":{"allow":["GET"]}}],"collection":[{"href":"https:\/\/diarioparanaense.com\/index.php?rest_route=\/wp\/v2\/posts"}],"about":[{"href":"https:\/\/diarioparanaense.com\/index.php?rest_route=\/wp\/v2\/types\/post"}],"author":[{"embeddable":true,"href":"https:\/\/diarioparanaense.com\/index.php?rest_route=\/wp\/v2\/users\/1"}],"replies":[{"embeddable":true,"href":"https:\/\/diarioparanaense.com\/index.php?rest_route=%2Fwp%2Fv2%2Fcomments&post=3289"}],"version-history":[{"count":1,"href":"https:\/\/diarioparanaense.com\/index.php?rest_route=\/wp\/v2\/posts\/3289\/revisions"}],"predecessor-version":[{"id":3292,"href":"https:\/\/diarioparanaense.com\/index.php?rest_route=\/wp\/v2\/posts\/3289\/revisions\/3292"}],"wp:featuredmedia":[{"embeddable":true,"href":"https:\/\/diarioparanaense.com\/index.php?rest_route=\/wp\/v2\/media\/3291"}],"wp:attachment":[{"href":"https:\/\/diarioparanaense.com\/index.php?rest_route=%2Fwp%2Fv2%2Fmedia&parent=3289"}],"wp:term":[{"taxonomy":"category","embeddable":true,"href":"https:\/\/diarioparanaense.com\/index.php?rest_route=%2Fwp%2Fv2%2Fcategories&post=3289"},{"taxonomy":"post_tag","embeddable":true,"href":"https:\/\/diarioparanaense.com\/index.php?rest_route=%2Fwp%2Fv2%2Ftags&post=3289"}],"curies":[{"name":"wp","href":"https:\/\/api.w.org\/{rel}","templated":true}]}}