{"id":3276,"date":"2024-08-29T15:56:29","date_gmt":"2024-08-29T18:56:29","guid":{"rendered":"https:\/\/diarioparanaense.com\/?p=3276"},"modified":"2024-08-29T15:56:29","modified_gmt":"2024-08-29T18:56:29","slug":"parkinson-juvenil-entenda-a-importancia-do-diagnostico-e-do-tratamento-precocev","status":"publish","type":"post","link":"https:\/\/diarioparanaense.com\/?p=3276","title":{"rendered":"Parkinson juvenil: entenda a import\u00e2ncia do diagn\u00f3stico e do tratamento precocev"},"content":{"rendered":"\n<p class=\"has-medium-font-size\">Neurologista do Pilar Hospital detalha as caracter\u00edsticas da doen\u00e7a que pode acometer tamb\u00e9m pacientes jovens e adultos<\/p>\n\n\n\n<p>Cerca de 4 milh\u00f5es de pessoas convivem com o Parkinson ao redor do mundo, segundo dados da Organiza\u00e7\u00e3o Mundial da Sa\u00fade (OMS). A doen\u00e7a neurodegenerativa \u00e9 a segunda mais frequente e acomete, na maioria dos casos, pessoas acima dos 60 anos. No entanto, publica\u00e7\u00f5es da Funda\u00e7\u00e3o Michael J. Fox, dedicada exclusivamente ao tema, revelam que entre as pessoas diagnosticadas, cerca de 10% a 20% t\u00eam 50 anos ou menos. A doen\u00e7a que \u00e9 tradicionalmente relacionada ao envelhecimento, pode atingir tamb\u00e9m pessoas adultas e, at\u00e9 mesmo, jovens.<\/p>\n\n\n\n<p>Chamado de Parkinson juvenil, o quadro n\u00e3o se difere em rela\u00e7\u00e3o \u00e0s causas. &#8220;Assim como nos pacientes mais velhos, a doen\u00e7a de Parkinson est\u00e1 associada \u00e0 degenera\u00e7\u00e3o de uma \u00e1rea do sistema nervoso central, que chamamos de subst\u00e2ncia nigra, resultando em menor produ\u00e7\u00e3o de dopamina. Atualmente, existem v\u00e1rias muta\u00e7\u00f5es gen\u00e9ticas descritas e associadas a essa degenera\u00e7\u00e3o&#8221;, explica Ana Dalm\u00f4nico, neurologista do Pilar Hospital.<\/p>\n\n\n\n<p>Por essa raz\u00e3o, n\u00e3o existem medidas de preven\u00e7\u00e3o conhecidas at\u00e9 o momento para o Parkinson. O primeiro passo a ser tomado \u00e9 estar alerta aos sintomas gerados pela doen\u00e7a, como pequenos tremores, dificuldade na escrita, perda da m\u00edmica facial e, at\u00e9 mesmo, a percep\u00e7\u00e3o de diminui\u00e7\u00e3o do volume da voz.<\/p>\n\n\n\n<p>&#8220;O cuidado a se tomar em pacientes jovens \u00e9 que, a tend\u00eancia geral \u00e9 atribuir os sintomas a outras doen\u00e7as que n\u00e3o a doen\u00e7a de Parkinson. \u00c9 o que acontece tamb\u00e9m, por exemplo, nos casos de AVC em jovens, que podem ter seu diagn\u00f3stico retardado devido \u00e0 menor preval\u00eancia desses casos. \u00c9 muito comum que esses pacientes tenham seus sintomas associados, equivocadamente, a quadros emocionais ou psiqui\u00e1tricos&#8221;, alerta.<\/p>\n\n\n\n<p>Entretanto, com o avan\u00e7o da medicina e das tecnologias na \u00e1rea da sa\u00fade, a doen\u00e7a pode ser identificada em exames neurol\u00f3gicos detalhados. O acompanhamento m\u00e9dico especializado, por sua vez, \u00e9 imprescind\u00edvel para o diagn\u00f3stico do quadro e o in\u00edcio do tratamento que, especialmente no caso de pessoas mais jovens, contribui para o progn\u00f3stico de preserva\u00e7\u00e3o da qualidade de vida dos pacientes. Al\u00e9m disso, de acordo com a especialista, o tratamento precoce ainda minimiza a velocidade de evolu\u00e7\u00e3o de sintomas e facilita a manuten\u00e7\u00e3o da independ\u00eancia funcional.<\/p>\n\n\n\n<p>Entre medica\u00e7\u00f5es, sess\u00f5es de reabilita\u00e7\u00e3o e, em certos casos, tratamento cir\u00fargico, Dalm\u00f4nico destaca que o tratamento do Parkinson juvenil \u00e9 semelhante ao dos casos tardios. A maior diferen\u00e7a se d\u00e1, por\u00e9m, na evolu\u00e7\u00e3o da doen\u00e7a em pessoas mais jovens. &#8220;Costumam ocorrer menos altera\u00e7\u00f5es de mem\u00f3ria e de equil\u00edbrio, por exemplo. Por outro lado, os pacientes tendem a ter maior quantidade de movimentos involunt\u00e1rios, que chamamos de discinesias, e de contra\u00e7\u00f5es musculares dolorosas, as distonias&#8221;, detalha&nbsp;a&nbsp;m\u00e9dica.<\/p>\n","protected":false},"excerpt":{"rendered":"<p>Neurologista do Pilar Hospital detalha as caracter\u00edsticas da doen\u00e7a que pode acometer tamb\u00e9m pacientes jovens e adultos Cerca de 4 milh\u00f5es de pessoas convivem com o Parkinson ao redor do mundo, segundo dados da Organiza\u00e7\u00e3o Mundial da Sa\u00fade (OMS). A doen\u00e7a neurodegenerativa \u00e9 a segunda mais frequente e acomete, na maioria dos casos, pessoas acima [&hellip;]<\/p>\n","protected":false},"author":1,"featured_media":3277,"comment_status":"open","ping_status":"open","sticky":false,"template":"","format":"standard","meta":{"footnotes":""},"categories":[29,164],"tags":[],"class_list":["post-3276","post","type-post","status-publish","format-standard","has-post-thumbnail","hentry","category-artigos","category-saude-2"],"_links":{"self":[{"href":"https:\/\/diarioparanaense.com\/index.php?rest_route=\/wp\/v2\/posts\/3276","targetHints":{"allow":["GET"]}}],"collection":[{"href":"https:\/\/diarioparanaense.com\/index.php?rest_route=\/wp\/v2\/posts"}],"about":[{"href":"https:\/\/diarioparanaense.com\/index.php?rest_route=\/wp\/v2\/types\/post"}],"author":[{"embeddable":true,"href":"https:\/\/diarioparanaense.com\/index.php?rest_route=\/wp\/v2\/users\/1"}],"replies":[{"embeddable":true,"href":"https:\/\/diarioparanaense.com\/index.php?rest_route=%2Fwp%2Fv2%2Fcomments&post=3276"}],"version-history":[{"count":1,"href":"https:\/\/diarioparanaense.com\/index.php?rest_route=\/wp\/v2\/posts\/3276\/revisions"}],"predecessor-version":[{"id":3278,"href":"https:\/\/diarioparanaense.com\/index.php?rest_route=\/wp\/v2\/posts\/3276\/revisions\/3278"}],"wp:featuredmedia":[{"embeddable":true,"href":"https:\/\/diarioparanaense.com\/index.php?rest_route=\/wp\/v2\/media\/3277"}],"wp:attachment":[{"href":"https:\/\/diarioparanaense.com\/index.php?rest_route=%2Fwp%2Fv2%2Fmedia&parent=3276"}],"wp:term":[{"taxonomy":"category","embeddable":true,"href":"https:\/\/diarioparanaense.com\/index.php?rest_route=%2Fwp%2Fv2%2Fcategories&post=3276"},{"taxonomy":"post_tag","embeddable":true,"href":"https:\/\/diarioparanaense.com\/index.php?rest_route=%2Fwp%2Fv2%2Ftags&post=3276"}],"curies":[{"name":"wp","href":"https:\/\/api.w.org\/{rel}","templated":true}]}}