{"id":3254,"date":"2024-08-29T14:18:03","date_gmt":"2024-08-29T17:18:03","guid":{"rendered":"https:\/\/diarioparanaense.com\/?p=3254"},"modified":"2024-08-29T14:18:04","modified_gmt":"2024-08-29T17:18:04","slug":"a-importancia-psicologica-da-presenca-paterna-na-vida-dos-filhos","status":"publish","type":"post","link":"https:\/\/diarioparanaense.com\/?p=3254","title":{"rendered":"A Import\u00e2ncia Psicol\u00f3gica da Presen\u00e7a Paterna na Vida dos Filhos"},"content":{"rendered":"\n<p class=\"has-medium-font-size\">Valores, Exemplos e Qualidade de Tempo vem de Casa<\/p>\n\n\n\n<p>A presen\u00e7a paterna tem sido amplamente discutida e reconhecida como fundamental no desenvolvimento psicol\u00f3gico saud\u00e1vel de uma crian\u00e7a. Estudos mostram que a rela\u00e7\u00e3o entre pai e filho \u00e9 um pilar crucial para o crescimento emocional, social e cognitivo da crian\u00e7a. Este texto explora a import\u00e2ncia dessa presen\u00e7a sob a perspectiva dos valores, bons exemplos e qualidade de tempo, com refer\u00eancias \u00e0 psicologia de Carl Jung.<\/p>\n\n\n\n<p>&#8220;Carl Jung, um dos pioneiros da psicologia anal\u00edtica, enfatizava a import\u00e2ncia dos arqu\u00e9tipos e das figuras parentais no desenvolvimento da psique infantil. Segundo Jung, o pai representa uma figura de autoridade e prote\u00e7\u00e3o, um modelo de comportamento e \u00e9tica. Quando os pais incorporam valores s\u00f3lidos, como integridade, respeito e responsabilidade, eles se tornam exemplos vivos para seus filhos, influenciando diretamente seu comportamento e suas decis\u00f5es&#8221;, explica Luti Christ\u00f3foro psic\u00f3logo especialista em psicologia junguiana.<\/p>\n\n\n\n<p>A figura paterna \u00e9 fundamental na forma\u00e7\u00e3o da identidade e do car\u00e1ter da crian\u00e7a. Um pai presente e engajado ajuda a estabelecer uma base segura para que a crian\u00e7a explore o mundo e desenvolva sua individualidade. Al\u00e9m disso, a presen\u00e7a paterna ativa promove a internaliza\u00e7\u00e3o de normas sociais e morais, proporcionando uma b\u00fassola \u00e9tica que guiar\u00e1 a crian\u00e7a ao longo da vida.<\/p>\n\n\n\n<p>&#8220;A qualidade do tempo que os pais passam com seus filhos \u00e9 outro fator crucial. N\u00e3o se trata apenas da quantidade de tempo, mas de como esse tempo \u00e9 utilizado. Momentos significativos, como brincadeiras, conversas e atividades conjuntas, fortalecem o v\u00ednculo emocional e oferecem \u00e0 crian\u00e7a um senso de seguran\u00e7a e pertencimento&#8221;, elucida o psic\u00f3logo.<\/p>\n\n\n\n<p>Jung ressaltava a import\u00e2ncia do equil\u00edbrio entre a anima (aspecto feminino) e o animus (aspecto masculino) na psique humana. A intera\u00e7\u00e3o com ambos os pais permite que a crian\u00e7a desenvolva uma psique equilibrada e saud\u00e1vel. A qualidade da presen\u00e7a paterna contribui para esse equil\u00edbrio, fornecendo diferentes perspectivas e experi\u00eancias que enriquecem o desenvolvimento emocional e cognitivo da crian\u00e7a.<\/p>\n\n\n\n<p>&#8220;A influ\u00eancia de um pai presente e positivo transcende a inf\u00e2ncia, impactando a vida adulta de seus filhos. Crian\u00e7as que crescem com um pai envolvido tendem a desenvolver uma maior autoestima, habilidades sociais aprimoradas e uma capacidade maior de enfrentar desafios. Elas tamb\u00e9m s\u00e3o mais propensas a formar relacionamentos saud\u00e1veis e est\u00e1veis&#8221;, diz Luti Christ\u00f3foro.<\/p>\n\n\n\n<p>Segundo Jung, a aus\u00eancia ou a presen\u00e7a inadequada do pai pode resultar em complexos psicol\u00f3gicos que afetam a vida adulta. Por outro lado, uma presen\u00e7a paterna equilibrada e amorosa contribui para a forma\u00e7\u00e3o de um self saud\u00e1vel, permitindo que a pessoa atinja seu potencial pleno.<\/p>\n\n\n\n<p>A presen\u00e7a paterna \u00e9, portanto, um elemento essencial no desenvolvimento integral dos filhos. Pais que investem tempo de qualidade, oferecem bons exemplos e inculcam valores s\u00f3lidos, desempenham um papel inestim\u00e1vel na forma\u00e7\u00e3o de indiv\u00edduos saud\u00e1veis e equilibrados.<\/p>\n\n\n\n<p>Por isso devemos celebrar e reconhecemos a import\u00e2ncia desses homens que desempenham um papel crucial na vida de seus filhos. \u00c9 um momento para refletir sobre a influ\u00eancia profunda e duradoura que os pais t\u00eam no desenvolvimento emocional e psicol\u00f3gico de seus filhos. Celebrar essa data vai al\u00e9m de presentes e homenagens; \u00e9 um convite para que todos os pais se envolvam ativamente na vida de seus filhos, oferecendo amor, bons exemplos e tempo de qualidade. Como Jung destacou, a figura paterna \u00e9 um arqu\u00e9tipo essencial que molda a psique humana e isso deve sempre ser lembrado.<\/p>\n\n\n\n<p><br><strong>Luti Christ\u00f3foro<br><\/strong>Psic\u00f3logo cl\u00ednico.<br>WhatsApp: (41) 99809-8887<br>Instagram: @luti_psicologo<br>e-mail: lutipsicologo@gmail.com<\/p>\n","protected":false},"excerpt":{"rendered":"<p>Valores, Exemplos e Qualidade de Tempo vem de Casa A presen\u00e7a paterna tem sido amplamente discutida e reconhecida como fundamental no desenvolvimento psicol\u00f3gico saud\u00e1vel de uma crian\u00e7a. Estudos mostram que a rela\u00e7\u00e3o entre pai e filho \u00e9 um pilar crucial para o crescimento emocional, social e cognitivo da crian\u00e7a. Este texto explora a import\u00e2ncia dessa [&hellip;]<\/p>\n","protected":false},"author":1,"featured_media":3261,"comment_status":"open","ping_status":"open","sticky":false,"template":"","format":"standard","meta":{"footnotes":""},"categories":[29],"tags":[],"class_list":["post-3254","post","type-post","status-publish","format-standard","has-post-thumbnail","hentry","category-artigos"],"_links":{"self":[{"href":"https:\/\/diarioparanaense.com\/index.php?rest_route=\/wp\/v2\/posts\/3254","targetHints":{"allow":["GET"]}}],"collection":[{"href":"https:\/\/diarioparanaense.com\/index.php?rest_route=\/wp\/v2\/posts"}],"about":[{"href":"https:\/\/diarioparanaense.com\/index.php?rest_route=\/wp\/v2\/types\/post"}],"author":[{"embeddable":true,"href":"https:\/\/diarioparanaense.com\/index.php?rest_route=\/wp\/v2\/users\/1"}],"replies":[{"embeddable":true,"href":"https:\/\/diarioparanaense.com\/index.php?rest_route=%2Fwp%2Fv2%2Fcomments&post=3254"}],"version-history":[{"count":1,"href":"https:\/\/diarioparanaense.com\/index.php?rest_route=\/wp\/v2\/posts\/3254\/revisions"}],"predecessor-version":[{"id":3262,"href":"https:\/\/diarioparanaense.com\/index.php?rest_route=\/wp\/v2\/posts\/3254\/revisions\/3262"}],"wp:featuredmedia":[{"embeddable":true,"href":"https:\/\/diarioparanaense.com\/index.php?rest_route=\/wp\/v2\/media\/3261"}],"wp:attachment":[{"href":"https:\/\/diarioparanaense.com\/index.php?rest_route=%2Fwp%2Fv2%2Fmedia&parent=3254"}],"wp:term":[{"taxonomy":"category","embeddable":true,"href":"https:\/\/diarioparanaense.com\/index.php?rest_route=%2Fwp%2Fv2%2Fcategories&post=3254"},{"taxonomy":"post_tag","embeddable":true,"href":"https:\/\/diarioparanaense.com\/index.php?rest_route=%2Fwp%2Fv2%2Ftags&post=3254"}],"curies":[{"name":"wp","href":"https:\/\/api.w.org\/{rel}","templated":true}]}}