{"id":3247,"date":"2024-08-29T14:25:26","date_gmt":"2024-08-29T17:25:26","guid":{"rendered":"https:\/\/diarioparanaense.com\/?p=3247"},"modified":"2024-08-29T14:25:26","modified_gmt":"2024-08-29T17:25:26","slug":"o-impacto-do-tabagismo-na-saude-bucal","status":"publish","type":"post","link":"https:\/\/diarioparanaense.com\/?p=3247","title":{"rendered":"O impacto do tabagismo na sa\u00fade bucal"},"content":{"rendered":"\n<p class=\"has-medium-font-size\">A luta contra o fumo continua neste dia 29\/08<\/p>\n\n\n\n<p>A cren\u00e7a de que os danos causados pelo tabagismo demoram anos para se manifestar \u00e9 um mito. Os efeitos nocivos do uso de produtos \u00e0 base de tabaco podem ser observados logo no in\u00edcio do h\u00e1bito. Com isso em mente, o Dia da Luta contra o Fumo, celebrado em 29 de agosto, destaca a import\u00e2ncia de conscientizar a popula\u00e7\u00e3o sobre os riscos associados ao tabagismo, incluindo os danos \u00e0 sa\u00fade bucal.<\/p>\n\n\n\n<p>Uma das primeiras consequ\u00eancias do tabagismo \u00e9 a halitose, ou mau h\u00e1lito. Segundo Cl\u00e1udia Gobor, especialista no tratamento de halitose, tanto o cigarro eletr\u00f4nico quanto o cigarro tradicional prejudicam a sa\u00fade bucal. &#8220;Ambos causam um aquecimento na cavidade oral, levando \u00e0 descama\u00e7\u00e3o da mucosa e gengivas, resultando em altera\u00e7\u00e3o de h\u00e1lito&#8221;, explica.<\/p>\n\n\n\n<p>Al\u00e9m do mau h\u00e1lito, o tabagismo tamb\u00e9m contribui para a apar\u00eancia desagrad\u00e1vel dos dentes, causando manchas e amarelamento. A redu\u00e7\u00e3o da quantidade de saliva, um efeito indireto do fumo, dificulta a autolimpeza da boca e favorece o ac\u00famulo de bact\u00e9rias.<\/p>\n\n\n\n<p>Mesmo para os fumantes, manter uma rotina rigorosa de higiene bucal \u00e9 essencial. Gobor destaca a import\u00e2ncia de escovar os dentes, usar fio dental e higienizar a l\u00edngua. &#8220;O fumo reduz a produ\u00e7\u00e3o de saliva e a torna mais viscosa, o que, al\u00e9m de desconfort\u00e1vel, diminui a autolimpeza da boca e facilita a prolifera\u00e7\u00e3o de bact\u00e9rias&#8221;, afirma a especialista.<\/p>\n\n\n\n<p>O tabagismo est\u00e1 intimamente ligado ao desenvolvimento de doen\u00e7as periodontais, como gengivite e periodontite. A gengivite \u00e9 a inflama\u00e7\u00e3o das gengivas, frequentemente agravada pelo tabaco, que compromete a sa\u00fade das gengivas e contribui para o mau h\u00e1lito. A periodontite \u00e9 uma condi\u00e7\u00e3o mais grave, caracterizada pela inflama\u00e7\u00e3o dos tecidos ao redor dos dentes, incluindo ossos e ligamentos.<\/p>\n\n\n\n<p>&#8220;Fumantes t\u00eam uma resposta imunol\u00f3gica comprometida, o que dificulta o combate \u00e0s bact\u00e9rias causadoras da periodontite. O tabagismo tamb\u00e9m diminui o fluxo sangu\u00edneo para as gengivas, prejudicando a regenera\u00e7\u00e3o dos tecidos e agravando a inflama\u00e7\u00e3o. \u00c0 medida que a periodontite progride, formam-se bolsas profundas entre os dentes e as gengivas, criando um ambiente prop\u00edcio para a prolifera\u00e7\u00e3o de bact\u00e9rias anaer\u00f3bias que liberam compostos respons\u00e1veis pelo mau h\u00e1lito&#8221;, diz Cl\u00e1udia Gobor.<\/p>\n\n\n\n<p>Outro efeito do tabagismo \u00e9 a redu\u00e7\u00e3o do fluxo sangu\u00edneo para as gengivas, facilitando o ac\u00famulo de placa bacteriana, uma mistura de bact\u00e9rias, restos de alimentos e saliva. Em fumantes, essa placa \u00e9 mais dif\u00edcil de ser removida apenas com escova\u00e7\u00e3o e uso de fio dental. As bact\u00e9rias na placa liberam compostos sulfurados vol\u00e1teis, conhecidos por seu odor desagrad\u00e1vel, contribuindo significativamente para o mau h\u00e1lito.<\/p>\n\n\n\n<p>O h\u00e1bito de fumar tamb\u00e9m afeta negativamente as capacidades sensoriais. As subst\u00e2ncias qu\u00edmicas presentes no cigarro danificam as c\u00e9lulas respons\u00e1veis pelo olfato e paladar, resultando na diminui\u00e7\u00e3o da sensibilidade a aromas e sabores. Fumantes frequentes relatam uma redu\u00e7\u00e3o na capacidade de identificar sabores, o que compromete a experi\u00eancia alimentar.<\/p>\n\n\n\n<p>A m\u00e1 circula\u00e7\u00e3o sangu\u00ednea causada pelo cigarro intensifica esses problemas, prejudicando a entrega de nutrientes e oxig\u00eanio \u00e0s c\u00e9lulas sensoriais, exacerbando a perda de olfato e paladar ao longo do tempo.<\/p>\n\n\n\n<p>Os danos causados pelo tabagismo \u00e0 sa\u00fade bucal s\u00e3o amplos e imediatos, variando desde o desenvolvimento de halitose at\u00e9 doen\u00e7as periodontais graves. A conscientiza\u00e7\u00e3o sobre esses efeitos e a ado\u00e7\u00e3o de pr\u00e1ticas para reduzir ou cessar o tabagismo s\u00e3o essenciais para promover uma sa\u00fade bucal melhor e uma vida mais saud\u00e1vel.<\/p>\n\n\n\n<p>Servi\u00e7o: Bom h\u00e1lito Curitiba<br>Dra. Cl\u00e1udia C. Gobor<br>Cirurgi\u00e3 Dentista especialista pelo MEC no tratamento da Halitose<br>Ex-Presidente e atual Diretora Executiva da Associa\u00e7\u00e3o Brasileira de Halitose<br>https:\/\/www.bomhalitocuritiba.com.br\/<br>(41) 3022-3131 | (41) 99977-7087<br>@bomhalitocuritiba<\/p>\n","protected":false},"excerpt":{"rendered":"<p>A luta contra o fumo continua neste dia 29\/08 A cren\u00e7a de que os danos causados pelo tabagismo demoram anos para se manifestar \u00e9 um mito. Os efeitos nocivos do uso de produtos \u00e0 base de tabaco podem ser observados logo no in\u00edcio do h\u00e1bito. Com isso em mente, o Dia da Luta contra o [&hellip;]<\/p>\n","protected":false},"author":1,"featured_media":2929,"comment_status":"open","ping_status":"open","sticky":false,"template":"","format":"standard","meta":{"footnotes":""},"categories":[29],"tags":[],"class_list":["post-3247","post","type-post","status-publish","format-standard","has-post-thumbnail","hentry","category-artigos"],"_links":{"self":[{"href":"https:\/\/diarioparanaense.com\/index.php?rest_route=\/wp\/v2\/posts\/3247","targetHints":{"allow":["GET"]}}],"collection":[{"href":"https:\/\/diarioparanaense.com\/index.php?rest_route=\/wp\/v2\/posts"}],"about":[{"href":"https:\/\/diarioparanaense.com\/index.php?rest_route=\/wp\/v2\/types\/post"}],"author":[{"embeddable":true,"href":"https:\/\/diarioparanaense.com\/index.php?rest_route=\/wp\/v2\/users\/1"}],"replies":[{"embeddable":true,"href":"https:\/\/diarioparanaense.com\/index.php?rest_route=%2Fwp%2Fv2%2Fcomments&post=3247"}],"version-history":[{"count":1,"href":"https:\/\/diarioparanaense.com\/index.php?rest_route=\/wp\/v2\/posts\/3247\/revisions"}],"predecessor-version":[{"id":3275,"href":"https:\/\/diarioparanaense.com\/index.php?rest_route=\/wp\/v2\/posts\/3247\/revisions\/3275"}],"wp:featuredmedia":[{"embeddable":true,"href":"https:\/\/diarioparanaense.com\/index.php?rest_route=\/wp\/v2\/media\/2929"}],"wp:attachment":[{"href":"https:\/\/diarioparanaense.com\/index.php?rest_route=%2Fwp%2Fv2%2Fmedia&parent=3247"}],"wp:term":[{"taxonomy":"category","embeddable":true,"href":"https:\/\/diarioparanaense.com\/index.php?rest_route=%2Fwp%2Fv2%2Fcategories&post=3247"},{"taxonomy":"post_tag","embeddable":true,"href":"https:\/\/diarioparanaense.com\/index.php?rest_route=%2Fwp%2Fv2%2Ftags&post=3247"}],"curies":[{"name":"wp","href":"https:\/\/api.w.org\/{rel}","templated":true}]}}