{"id":3240,"date":"2024-08-29T11:21:12","date_gmt":"2024-08-29T14:21:12","guid":{"rendered":"https:\/\/diarioparanaense.com\/?p=3240"},"modified":"2024-08-29T11:21:13","modified_gmt":"2024-08-29T14:21:13","slug":"hospital-sao-vicente-realiza-semana-de-cuidados-paliativos-em-doencas-incuraveis","status":"publish","type":"post","link":"https:\/\/diarioparanaense.com\/?p=3240","title":{"rendered":"Hospital S\u00e3o Vicente realiza semana de cuidados paliativos em doen\u00e7as incur\u00e1veis"},"content":{"rendered":"\n<p class=\"has-medium-font-size\">Evento gratuito ser\u00e1 aberto \u00e0 comunidade e abordar\u00e1 o tema com base em aspectos f\u00edsicos, emocionais, espirituais e sociais<\/p>\n\n\n\n<p>O Hospital S\u00e3o Vicente realizar\u00e1, na \u00faltima semana de agosto, uma s\u00e9rie de atividades voltadas para a dissemina\u00e7\u00e3o do Servi\u00e7o de Cuidados Paliativos. O evento ser\u00e1 aberto ao p\u00fablico e ocorrer\u00e1 entre os dias 29 e 30 de agosto, de manh\u00e3 e \u00e0 tarde, no Centro de Eventos do Hospital (Avenida Vicente Machado 401 Centro &#8211; Curitiba)<\/p>\n\n\n\n<p>O objetivo \u00e9 promover uma abordagem multiprofissional para a melhoria da qualidade de vida de pacientes com doen\u00e7as incur\u00e1veis, abordando as diversas fases do sofrimento humano, incluindo aspectos f\u00edsicos, emocionais, espirituais e sociais, tanto dos pacientes quanto de seus familiares.<\/p>\n\n\n\n<p><strong>Servi\u00e7o<\/strong>:<\/p>\n\n\n\n<p>Para se inscrever, basta acessar o link: <a href=\"https:\/\/www.sympla.com.br\/semana-de-atencao-aos-cuidados-paliativos---2edicao__2578532\">https:\/\/www.sympla.com.br\/semana-de-atencao-aos-cuidados-paliativos&#8212;2edicao__2578532<\/a>.<br>Endere\u00e7o: Avenida Vicente Machado 401 Centro &#8211; Curitiba<\/p>\n\n\n\n<p><strong>Cronograma do dia 29 de agosto:<br><\/strong>09h15 &#8211; \u201cTecnologia e Cuidados Paliativos: aliados ou inimigos?\u201d, com a Dra. Daiane Campos Nascimento;<br>10h30 &#8211; Mesa Redonda \u201cCapacita\u00e7\u00e3o da Equipe em CP\u201d, com a Psic\u00f3loga Samanta Forti;<br>11h &#8211; Mesa Redonda \u201cA import\u00e2ncia do acolhimento familiar\u201d, com a A. S. Rodrigo Quadros Vieira e a Psic\u00f3loga Jessica Taina Santinati;<br>14h30 &#8211; \u201cA import\u00e2ncia da mobiliza\u00e7\u00e3o e funcionalidade em Cuidados Paliativos\u201d, com a Fisioterapeuta Luana Cristina Basso Demogalski;<br>15h &#8211; \u201cA utiliza\u00e7\u00e3o da hipoderm\u00f3clise para controle da dor\u201d, com a Enfermeira Caroline Rozolem Gomes de Lima.<br>Encerramento com Coffe.<\/p>\n\n\n\n<p><strong>Dia 30 de agosto:<br><\/strong>\u00a009h15 &#8211; \u201cDesromantiza\u00e7\u00e3o dos cuidados paliativos\u201d, com o Dr. Reginaldo Gon\u00e7alves Oliveira Filho;<br>10h30 &#8211; \u201cIndica\u00e7\u00e3o de Via Alternativa\u201d, com a Fonoaudi\u00f3loga Larissa Teleginski Wardenski;<br>11h &#8211; Mesa Redonda \u201cAlimenta\u00e7\u00e3o de conforto e Jejum Terap\u00eautico\u201d, com Nutricionista Aline Cristina Bucal\u00e3o de Menezes;<br>14h &#8211; Mesa Redonda \u201cTerapia Ocupacional e Cuidados Paliativos\u201d, com a T.O. Suelen Edilaine de Paula Liberati;<br>14h30 &#8211; \u201cExperi\u00eancia do Familiar, sobre cuidados paliativos\u201d.<br>Encerramento\u00a0com\u00a0Coffe.<\/p>\n","protected":false},"excerpt":{"rendered":"<p>Evento gratuito ser\u00e1 aberto \u00e0 comunidade e abordar\u00e1 o tema com base em aspectos f\u00edsicos, emocionais, espirituais e sociais O Hospital S\u00e3o Vicente realizar\u00e1, na \u00faltima semana de agosto, uma s\u00e9rie de atividades voltadas para a dissemina\u00e7\u00e3o do Servi\u00e7o de Cuidados Paliativos. O evento ser\u00e1 aberto ao p\u00fablico e ocorrer\u00e1 entre os dias 29 e [&hellip;]<\/p>\n","protected":false},"author":1,"featured_media":3241,"comment_status":"open","ping_status":"open","sticky":false,"template":"","format":"standard","meta":{"footnotes":""},"categories":[186],"tags":[],"class_list":["post-3240","post","type-post","status-publish","format-standard","has-post-thumbnail","hentry","category-eventos"],"_links":{"self":[{"href":"https:\/\/diarioparanaense.com\/index.php?rest_route=\/wp\/v2\/posts\/3240","targetHints":{"allow":["GET"]}}],"collection":[{"href":"https:\/\/diarioparanaense.com\/index.php?rest_route=\/wp\/v2\/posts"}],"about":[{"href":"https:\/\/diarioparanaense.com\/index.php?rest_route=\/wp\/v2\/types\/post"}],"author":[{"embeddable":true,"href":"https:\/\/diarioparanaense.com\/index.php?rest_route=\/wp\/v2\/users\/1"}],"replies":[{"embeddable":true,"href":"https:\/\/diarioparanaense.com\/index.php?rest_route=%2Fwp%2Fv2%2Fcomments&post=3240"}],"version-history":[{"count":1,"href":"https:\/\/diarioparanaense.com\/index.php?rest_route=\/wp\/v2\/posts\/3240\/revisions"}],"predecessor-version":[{"id":3242,"href":"https:\/\/diarioparanaense.com\/index.php?rest_route=\/wp\/v2\/posts\/3240\/revisions\/3242"}],"wp:featuredmedia":[{"embeddable":true,"href":"https:\/\/diarioparanaense.com\/index.php?rest_route=\/wp\/v2\/media\/3241"}],"wp:attachment":[{"href":"https:\/\/diarioparanaense.com\/index.php?rest_route=%2Fwp%2Fv2%2Fmedia&parent=3240"}],"wp:term":[{"taxonomy":"category","embeddable":true,"href":"https:\/\/diarioparanaense.com\/index.php?rest_route=%2Fwp%2Fv2%2Fcategories&post=3240"},{"taxonomy":"post_tag","embeddable":true,"href":"https:\/\/diarioparanaense.com\/index.php?rest_route=%2Fwp%2Fv2%2Ftags&post=3240"}],"curies":[{"name":"wp","href":"https:\/\/api.w.org\/{rel}","templated":true}]}}