{"id":3233,"date":"2024-08-29T09:34:02","date_gmt":"2024-08-29T12:34:02","guid":{"rendered":"https:\/\/diarioparanaense.com\/?p=3233"},"modified":"2024-08-29T09:34:25","modified_gmt":"2024-08-29T12:34:25","slug":"cidade-verde-sounds-apresenta-previa-de-novo-dvd-10-anos-de-missao-de-paz-em-single-com-marina-peralta","status":"publish","type":"post","link":"https:\/\/diarioparanaense.com\/?p=3233","title":{"rendered":"Cidade Verde Sounds apresenta pr\u00e9via de novo DVD \u201c10 Anos de Miss\u00e3o de Paz\u201d em single com Marina Peralta"},"content":{"rendered":"\n<p class=\"has-text-align-center\"><em>A in\u00e9dita \u201cCora\u00e7\u00e3o Novin\u201d chega \u00e0s plataformas de m\u00fasica nesta sexta-feira (30)<\/em><\/p>\n\n\n\n<p class=\"has-text-align-center\"><a href=\"https:\/\/www.instagram.com\/cidadeverdesounds\/\">Instagram<\/a> | <a href=\"https:\/\/open.spotify.com\/intl-pt\/artist\/2tVU8TVXlrwk6KESQxLwH8?si=jyYrdQmpTc-YW_wpsyxIiw\">Spotify<\/a> | <a href=\"https:\/\/www.youtube.com\/channel\/UC489v5aAYxCbj_51C-l5CnQ\">YouTube<\/a><\/p>\n\n\n\n<p class=\"has-text-align-center\"><em>FA\u00c7A O PR\u00c9-SAVE<\/em> <a href=\"https:\/\/awal.ffm.to\/coracaonovin\"><em>https:\/\/awal.ffm.to\/coracaonovin<\/em><\/a><em><\/em><\/p>\n\n\n\n<p>O <strong>Cidade Verde Sounds<\/strong>, banda liderada pelo vocalista <strong>Adonai<\/strong> e pelo DJ e <em>beatmaker<\/em> <strong>Dub Mastor<\/strong>, lan\u00e7a nesta sexta-feira (30) a in\u00e9dita \u201cCora\u00e7\u00e3o Novin\u201d, com participa\u00e7\u00e3o especial da cantora sul-mato-grossense <strong>Marina Peralta<\/strong>. A faixa \u2013 que fala sobre leveza de esp\u00edrito, renova\u00e7\u00e3o e como levar a vida com mais alegria diante \u00e0s dificuldades \u2013 \u00e9 a primeira amostra do DVD ao vivo \u201c<em>10 Anos de Miss\u00e3o de Paz<\/em>\u201d.<\/p>\n\n\n\n<p>&#8220;<em>Essa m\u00fasica remete aos antigos instrumentais de soul reggae dos anos 1970, com uma linha de rimas j\u00e1 bem modernas no estilo de artistas como Shaggy e Sean Paul, o que a faz muito especial. A jogada de vozes entre a Marina Peralta e eu ficaram realmente muito legais, al\u00e9m da leveza da mensagem. Uma m\u00fasica que anima o dia<\/em>&#8220;, adianta <strong>Adonai<\/strong>.<\/p>\n\n\n\n<p>O single, bem como o projeto audiovisual do qual faz parte, foi produzido pelo renomado <strong>Daniel Ganjaman<\/strong>. Vencedor do Grammy Latino e conhecido internacionalmente por sua contribui\u00e7\u00e3o no rap e na m\u00fasica brasileira, o produtor assina trabalhos de feras como Criolo, BaianaSystem, Planet Hemp, Sabotage e outros mais.&nbsp;<\/p>\n\n\n\n<p>O DVD \u201c<em>10 Anos de Miss\u00e3o de Paz<\/em>\u201d foi gravado em S\u00e3o Paulo no fim de abril. Com lota\u00e7\u00e3o esgotada na Audio Club, a produ\u00e7\u00e3o audiovisual capitaneada por <strong>Mateus Rigola<\/strong> apostou em proje\u00e7\u00f5es vibrantes em tel\u00f5es multicoloridos que dialogavam com as 18 m\u00fasicas do setlist, sendo 14 regrava\u00e7\u00f5es de cl\u00e1ssicos do <strong>Cidade Verde Sounds<\/strong> e quatro in\u00e9ditas.<\/p>\n\n\n\n<p>Entre as participa\u00e7\u00f5es especiais \u2013 al\u00e9m de <strong>Marina Peralta<\/strong> \u2013 estiveram nomes como <strong>Rael, Planta &amp; Raiz, MC Kako<\/strong> e <strong>Fabio Brazza<\/strong>. \u201c<em>Todos os feats do DVD foram escolhidos pela afinidade que cada um, \u00e0 sua maneira, tem com a banda. Seja pela sonoridade, como \u00e9 o caso do Rael, Planta &amp; Raiz e Marina, seja pelo discurso, como o Kako e o Brazza<\/em>\u201d, completa <strong>Adonai<\/strong>.<\/p>\n\n\n\n<p>As influ\u00eancias neste projeto ao vivo v\u00e3o desde o reggae jamaicano da d\u00e9cada de 1970, passeiam pelo <em>dancehall<\/em> dos anos 1990 e chegam at\u00e9 o <em>boombap<\/em>, subg\u00eanero e estilo de produ\u00e7\u00e3o musical que se destacou no hip hop da Costa Leste estadunidense durante sua era de ouro (do final dos anos 1980 ao in\u00edcio dos anos 1990). Uma mistura que faz a sonoridade do <strong>Cidade Verde Sounds<\/strong> t\u00e3o \u00fanica na m\u00fasica brasileira.<\/p>\n\n\n\n<p>O grupo planeja lan\u00e7ar mais um <em>drop<\/em> em outubro e o \u00faltimo em novembro, quando o trabalho completo estar\u00e1 dispon\u00edvel em todas as plataformas de m\u00fasica para os f\u00e3s.<\/p>\n","protected":false},"excerpt":{"rendered":"<p>A in\u00e9dita \u201cCora\u00e7\u00e3o Novin\u201d chega \u00e0s plataformas de m\u00fasica nesta sexta-feira (30) Instagram | Spotify | YouTube FA\u00c7A O PR\u00c9-SAVE https:\/\/awal.ffm.to\/coracaonovin O Cidade Verde Sounds, banda liderada pelo vocalista Adonai e pelo DJ e beatmaker Dub Mastor, lan\u00e7a nesta sexta-feira (30) a in\u00e9dita \u201cCora\u00e7\u00e3o Novin\u201d, com participa\u00e7\u00e3o especial da cantora sul-mato-grossense Marina Peralta. A faixa [&hellip;]<\/p>\n","protected":false},"author":1,"featured_media":3234,"comment_status":"open","ping_status":"open","sticky":false,"template":"","format":"standard","meta":{"footnotes":""},"categories":[27],"tags":[],"class_list":["post-3233","post","type-post","status-publish","format-standard","has-post-thumbnail","hentry","category-musica"],"_links":{"self":[{"href":"https:\/\/diarioparanaense.com\/index.php?rest_route=\/wp\/v2\/posts\/3233","targetHints":{"allow":["GET"]}}],"collection":[{"href":"https:\/\/diarioparanaense.com\/index.php?rest_route=\/wp\/v2\/posts"}],"about":[{"href":"https:\/\/diarioparanaense.com\/index.php?rest_route=\/wp\/v2\/types\/post"}],"author":[{"embeddable":true,"href":"https:\/\/diarioparanaense.com\/index.php?rest_route=\/wp\/v2\/users\/1"}],"replies":[{"embeddable":true,"href":"https:\/\/diarioparanaense.com\/index.php?rest_route=%2Fwp%2Fv2%2Fcomments&post=3233"}],"version-history":[{"count":1,"href":"https:\/\/diarioparanaense.com\/index.php?rest_route=\/wp\/v2\/posts\/3233\/revisions"}],"predecessor-version":[{"id":3235,"href":"https:\/\/diarioparanaense.com\/index.php?rest_route=\/wp\/v2\/posts\/3233\/revisions\/3235"}],"wp:featuredmedia":[{"embeddable":true,"href":"https:\/\/diarioparanaense.com\/index.php?rest_route=\/wp\/v2\/media\/3234"}],"wp:attachment":[{"href":"https:\/\/diarioparanaense.com\/index.php?rest_route=%2Fwp%2Fv2%2Fmedia&parent=3233"}],"wp:term":[{"taxonomy":"category","embeddable":true,"href":"https:\/\/diarioparanaense.com\/index.php?rest_route=%2Fwp%2Fv2%2Fcategories&post=3233"},{"taxonomy":"post_tag","embeddable":true,"href":"https:\/\/diarioparanaense.com\/index.php?rest_route=%2Fwp%2Fv2%2Ftags&post=3233"}],"curies":[{"name":"wp","href":"https:\/\/api.w.org\/{rel}","templated":true}]}}