{"id":3229,"date":"2024-08-27T16:59:10","date_gmt":"2024-08-27T19:59:10","guid":{"rendered":"https:\/\/diarioparanaense.com\/?p=3229"},"modified":"2024-08-27T16:59:29","modified_gmt":"2024-08-27T19:59:29","slug":"18-o-edicao-do-congresso-internacional-de-protese-odontologica-acontece-em-setembro","status":"publish","type":"post","link":"https:\/\/diarioparanaense.com\/?p=3229","title":{"rendered":"18.\u00ba edi\u00e7\u00e3o do Congresso Internacional de Pr\u00f3tese Odontol\u00f3gica acontece em setembro"},"content":{"rendered":"\n<p class=\"has-medium-font-size\">CIPRO \u00e9 um dos maiores encontros mundiais do setor. O evento acontece entre os dias 19 e 21 de setembro e reunir\u00e1 profissionais da \u00e1rea da sa\u00fade de diversos pa\u00edses<\/p>\n\n\n\n<p>Acontece, entre os dias 19 e 21 de setembro, o 18\u00ba CIPRO (Congresso Internacional de Pr\u00f3tese Odontol\u00f3gica) e a EXPOLAB. O evento, com enfoque principal em profissionais da \u00e1rea de odontologia, \u00e9 considerado um dos maiores encontros mundiais do setor e a programa\u00e7\u00e3o inclui, al\u00e9m de diversas palestras com temas inovadores, a exposi\u00e7\u00e3o de novas tecnologias, equipamentos e produtos de ponta para os profissionais.<br>A programa\u00e7\u00e3o foi pensada no dia a dia laboratorial dos profissionais, por isso, a grade foi organizada para que os participantes possam participar de v\u00e1rias atividades, podendo selecionar as que melhor colaboram para o seu aperfei\u00e7oamento profissional e pessoal.<br>O evento oferece a op\u00e7\u00e3o gratuita aberta ao p\u00fablico e, tamb\u00e9m, algumas atividades pagas. Para mais informa\u00e7\u00f5es: www.ciproapdespbr.com.br.<\/p>\n\n\n\n<p><strong>Audit\u00f3rio Master<br><\/strong>Palestras din\u00e2micas com ministradores nacionais e internacionais apresentando suas expertises.<\/p>\n\n\n\n<p><strong>Audit\u00f3rio Inspiration<br><\/strong>Outro audit\u00f3rio distinto dedicado a temas inspiradores e inovadores com ministradores que estar\u00e3o individualmente ou em duplas discorrendo sobre seus fazeres profissionais.<\/p>\n\n\n\n<p><strong>Magic Space<br><\/strong>O Magic Space \u00e9 composto por quatro espa\u00e7os para demonstra\u00e7\u00f5es, onde ministradores de v\u00e1rios segmentos estar\u00e3o demonstrando suas habilidades t\u00e9cnicas.<\/p>\n\n\n\n<p><strong>Speak Up, Speak Out<br><\/strong>Profissionais de renome, grandes nomes da odontologia, vis\u00f5es de mercado, modelos de neg\u00f3cios e estrat\u00e9gia de ensino.<\/p>\n\n\n\n<p><strong>Servi\u00e7o<\/strong><br>18\u00ba CIPRO<br>Data: 19 a 21 de setembro<br>Hor\u00e1rio: 10h \u00e0s 20h<br>Local: Expo Center Norte &#8211; Pavilh\u00e3o Amarelo Av. Otto Baumgart 1000, S\u00e3o Paulo<br>Informa\u00e7\u00f5es: www.ciproapdespbr.com.br.<\/p>\n","protected":false},"excerpt":{"rendered":"<p>CIPRO \u00e9 um dos maiores encontros mundiais do setor. O evento acontece entre os dias 19 e 21 de setembro e reunir\u00e1 profissionais da \u00e1rea da sa\u00fade de diversos pa\u00edses Acontece, entre os dias 19 e 21 de setembro, o 18\u00ba CIPRO (Congresso Internacional de Pr\u00f3tese Odontol\u00f3gica) e a EXPOLAB. O evento, com enfoque principal [&hellip;]<\/p>\n","protected":false},"author":1,"featured_media":3230,"comment_status":"open","ping_status":"open","sticky":false,"template":"","format":"standard","meta":{"footnotes":""},"categories":[29],"tags":[],"class_list":["post-3229","post","type-post","status-publish","format-standard","has-post-thumbnail","hentry","category-artigos"],"_links":{"self":[{"href":"https:\/\/diarioparanaense.com\/index.php?rest_route=\/wp\/v2\/posts\/3229","targetHints":{"allow":["GET"]}}],"collection":[{"href":"https:\/\/diarioparanaense.com\/index.php?rest_route=\/wp\/v2\/posts"}],"about":[{"href":"https:\/\/diarioparanaense.com\/index.php?rest_route=\/wp\/v2\/types\/post"}],"author":[{"embeddable":true,"href":"https:\/\/diarioparanaense.com\/index.php?rest_route=\/wp\/v2\/users\/1"}],"replies":[{"embeddable":true,"href":"https:\/\/diarioparanaense.com\/index.php?rest_route=%2Fwp%2Fv2%2Fcomments&post=3229"}],"version-history":[{"count":1,"href":"https:\/\/diarioparanaense.com\/index.php?rest_route=\/wp\/v2\/posts\/3229\/revisions"}],"predecessor-version":[{"id":3231,"href":"https:\/\/diarioparanaense.com\/index.php?rest_route=\/wp\/v2\/posts\/3229\/revisions\/3231"}],"wp:featuredmedia":[{"embeddable":true,"href":"https:\/\/diarioparanaense.com\/index.php?rest_route=\/wp\/v2\/media\/3230"}],"wp:attachment":[{"href":"https:\/\/diarioparanaense.com\/index.php?rest_route=%2Fwp%2Fv2%2Fmedia&parent=3229"}],"wp:term":[{"taxonomy":"category","embeddable":true,"href":"https:\/\/diarioparanaense.com\/index.php?rest_route=%2Fwp%2Fv2%2Fcategories&post=3229"},{"taxonomy":"post_tag","embeddable":true,"href":"https:\/\/diarioparanaense.com\/index.php?rest_route=%2Fwp%2Fv2%2Ftags&post=3229"}],"curies":[{"name":"wp","href":"https:\/\/api.w.org\/{rel}","templated":true}]}}