{"id":3226,"date":"2024-08-27T16:56:17","date_gmt":"2024-08-27T19:56:17","guid":{"rendered":"https:\/\/diarioparanaense.com\/?p=3226"},"modified":"2024-08-27T16:56:18","modified_gmt":"2024-08-27T19:56:18","slug":"dia-do-corretor-valorizacao-de-imoveis-atrai-profissionais-para-o-setor","status":"publish","type":"post","link":"https:\/\/diarioparanaense.com\/?p=3226","title":{"rendered":"Dia do Corretor: Valoriza\u00e7\u00e3o de im\u00f3veis atrai profissionais para o setor"},"content":{"rendered":"\n<p class=\"has-medium-font-size\">Crescimento da procura e do ticket m\u00e9dio dos im\u00f3veis em Curitiba \u00e9 oportunidade para os que buscam uma transi\u00e7\u00e3o de carreira<\/p>\n\n\n\n<p>O Dia do Corretor \u00e9 comemorado no dia 27 de agosto e a alta no mercado imobili\u00e1rio na capital paranaense tem sido um dos motivos para a migra\u00e7\u00e3o de profissionais de outras \u00e1reas para a corretagem de im\u00f3veis. A valoriza\u00e7\u00e3o dos im\u00f3veis e demanda no setor de loca\u00e7\u00e3o \u00e9 um dos fatores que influencia o mercado, uma vez que os neg\u00f3cios fechados e o ticket m\u00e9dio das transa\u00e7\u00f5es aumentam. De acordo com o Sindicato da Habita\u00e7\u00e3o e Condom\u00ednios (Secovi-PR), a venda de im\u00f3veis residenciais em Curitiba registrou valoriza\u00e7\u00e3o de 17,8% no primeiro semestre de 2024<\/p>\n\n\n\n<p>De acordo com a entidade, os dados refletem um bom momento de investimento no mercado imobili\u00e1rio. No nicho de vendas, esse movimento j\u00e1 repercute no valor m\u00e9dio dos im\u00f3veis residenciais vendidos. O ticket m\u00e9dio residencial do 1\u00ba semestre de 2024 foi de R$445.272, 17,8% maior em rela\u00e7\u00e3o ao mesmo per\u00edodo de 2023 (R$377.854). O mesmo balan\u00e7o positivo foi registrado no ticket m\u00e9dio total, que passou de R$401.778 para R$470.784, um crescimento de 17,2%.<\/p>\n\n\n\n<p>Esse cen\u00e1rio impacta diretamente o p\u00fablico que busca im\u00f3veis para comprar ou alugar, mas, tamb\u00e9m, reverbera no mercado de trabalho. Enquanto cerca de 60% dos profissionais pensavam em mudar de emprego em 2023, segundo estudo do LinkedIn, a realidade de diversos setores tamb\u00e9m influenciou na decis\u00e3o de muitos indiv\u00edduos pela transi\u00e7\u00e3o de carreira.<\/p>\n\n\n\n<p>Os que j\u00e1 fizeram essa mudan\u00e7a encaram hoje uma realidade diferente no mercado imobili\u00e1rio com projetos como o \u201cMinha Casa Minha Vida\u201d, que teve mudan\u00e7as implementadas no in\u00edcio do ano e reflete tamb\u00e9m no fechamento de neg\u00f3cios, uma vez que oferece subs\u00eddios, como presta\u00e7\u00f5es menores de financiamento, que viabilizam recursos para que a popula\u00e7\u00e3o possa adquirir novos im\u00f3veis.<\/p>\n\n\n\n<p>No caso de Fernando Xavier, engenheiro civil de forma\u00e7\u00e3o e agora franqueado da Apolar, migrou recentemente para o mercado por ter se fascinado com o setor pelas oportunidades que a profiss\u00e3o oferece. \u201cSempre trabalhei com a \u00e1rea de infraestrutura e constru\u00e7\u00e3o, mas a agenda de viagens e a falta de flexibilidade me deixavam insatisfeitos. At\u00e9 que o convite do meu s\u00f3cio, Felipe Fagundes, me fez entrar nessa nova empreitada. E era a chance que eu precisava para explorar outro mercado, que j\u00e1 conhecia e tem um \u00f3timo potencial\u201d, relata Xavier.<\/p>\n\n\n\n<p>Entre outros motivos que o profissional pontuou est\u00e3o as oportunidades que o mercado imobili\u00e1rio gera, pois a necessidade de um im\u00f3vel \u00e9 um consenso mundial. \u201cO setor imobili\u00e1rio \u00e9 um dos mercados que mais movimenta a economia do pa\u00eds e um dos mais necess\u00e1rios para sociedade. Acredito que seja exatamente isso que me motiva a estudar cada diz mais e me reinventar para oferecer as melhores solu\u00e7\u00f5es e um servi\u00e7o diferenciado\u201d, completa.<\/p>\n\n\n\n<p>No caso de Rodrigo Forlan, que tamb\u00e9m veio da engenharia civil, a corretagem de im\u00f3veis foi vista como uma oportunidade de crescimento profissional. Hoje, franqueado da Apolar Im\u00f3veis, ele destaca as vantagens da mudan\u00e7a de carreira: &#8220;trabalhar na \u00e1rea comercial \u00e9 mais rent\u00e1vel de forma geral e atuar como corretor nos d\u00e1 a oportunidade de sempre trabalhar com novos clientes e n\u00e3o ficar repetindo o mesmo servi\u00e7o todos os dias&#8221;.<\/p>\n\n\n\n<p>Para Forlan, a flexibilidade foi um ponto-chave na transi\u00e7\u00e3o. Atualmente, com um trabalho focado na gest\u00e3o imobili\u00e1ria, ele ainda aplica conhecimentos e pr\u00e1ticas da sua forma\u00e7\u00e3o. &#8220;Essa experi\u00eancia pr\u00e9via facilitou muito na quest\u00e3o de avalia\u00e7\u00f5es de terrenos e conhecimento na maioria dos tipos de im\u00f3veis. Hoje, atuo tamb\u00e9m na avalia\u00e7\u00e3o imobili\u00e1ria e na assist\u00eancia t\u00e9cnica&#8221;,&nbsp;finaliza.<\/p>\n","protected":false},"excerpt":{"rendered":"<p>Crescimento da procura e do ticket m\u00e9dio dos im\u00f3veis em Curitiba \u00e9 oportunidade para os que buscam uma transi\u00e7\u00e3o de carreira O Dia do Corretor \u00e9 comemorado no dia 27 de agosto e a alta no mercado imobili\u00e1rio na capital paranaense tem sido um dos motivos para a migra\u00e7\u00e3o de profissionais de outras \u00e1reas para [&hellip;]<\/p>\n","protected":false},"author":1,"featured_media":3227,"comment_status":"open","ping_status":"open","sticky":false,"template":"","format":"standard","meta":{"footnotes":""},"categories":[324],"tags":[],"class_list":["post-3226","post","type-post","status-publish","format-standard","has-post-thumbnail","hentry","category-negocios"],"_links":{"self":[{"href":"https:\/\/diarioparanaense.com\/index.php?rest_route=\/wp\/v2\/posts\/3226","targetHints":{"allow":["GET"]}}],"collection":[{"href":"https:\/\/diarioparanaense.com\/index.php?rest_route=\/wp\/v2\/posts"}],"about":[{"href":"https:\/\/diarioparanaense.com\/index.php?rest_route=\/wp\/v2\/types\/post"}],"author":[{"embeddable":true,"href":"https:\/\/diarioparanaense.com\/index.php?rest_route=\/wp\/v2\/users\/1"}],"replies":[{"embeddable":true,"href":"https:\/\/diarioparanaense.com\/index.php?rest_route=%2Fwp%2Fv2%2Fcomments&post=3226"}],"version-history":[{"count":1,"href":"https:\/\/diarioparanaense.com\/index.php?rest_route=\/wp\/v2\/posts\/3226\/revisions"}],"predecessor-version":[{"id":3228,"href":"https:\/\/diarioparanaense.com\/index.php?rest_route=\/wp\/v2\/posts\/3226\/revisions\/3228"}],"wp:featuredmedia":[{"embeddable":true,"href":"https:\/\/diarioparanaense.com\/index.php?rest_route=\/wp\/v2\/media\/3227"}],"wp:attachment":[{"href":"https:\/\/diarioparanaense.com\/index.php?rest_route=%2Fwp%2Fv2%2Fmedia&parent=3226"}],"wp:term":[{"taxonomy":"category","embeddable":true,"href":"https:\/\/diarioparanaense.com\/index.php?rest_route=%2Fwp%2Fv2%2Fcategories&post=3226"},{"taxonomy":"post_tag","embeddable":true,"href":"https:\/\/diarioparanaense.com\/index.php?rest_route=%2Fwp%2Fv2%2Ftags&post=3226"}],"curies":[{"name":"wp","href":"https:\/\/api.w.org\/{rel}","templated":true}]}}