{"id":3223,"date":"2024-08-27T16:16:25","date_gmt":"2024-08-27T19:16:25","guid":{"rendered":"https:\/\/diarioparanaense.com\/?p=3223"},"modified":"2024-08-27T16:16:25","modified_gmt":"2024-08-27T19:16:25","slug":"almir-sater-faz-show-no-guairao-em-31-de-agosto-no-guairao","status":"publish","type":"post","link":"https:\/\/diarioparanaense.com\/?p=3223","title":{"rendered":"Almir Sater faz show no Guair\u00e3o em 31 de agosto no Guair\u00e3o"},"content":{"rendered":"\n<p>A tradicional apresenta\u00e7\u00e3o que o m\u00fasico Almir Sater realiza todos os anos em Curitiba est\u00e1 marcada para 31 de agosto (s\u00e1bado) no palco do Guair\u00e3o. A apresenta\u00e7\u00e3o ser\u00e1 marcada por cl\u00e1ssicos da trajet\u00f3ria do cantor e violeiro, como &#8220;Tocando em Frente&#8221;, &#8220;Chalana,&#8221; e &#8220;Trem do Pantanal&#8221;, al\u00e9m de can\u00e7\u00f5es menos conhecidas, como as de seu \u00e1lbum mais recente, &#8220;Do Amanh\u00e3 Nada Sei&#8221;.<\/p>\n\n\n\n<p>Os ingressos est\u00e3o \u00e0 venda pelo Disk Ingressos, com valores a partir de&nbsp;R$ 145,00 (meia-entrada para pessoas vacinadas contra Covid-19, estudantes, idosos e demais condi\u00e7\u00f5es previstas em lei).&nbsp;O evento \u00e9 produzido pela Banal\u00edssima Arte.<\/p>\n\n\n\n<p>Al\u00e9m da m\u00fasica, Sater \u00e9 um rosto conhecido da televis\u00e3o, por ter atuado em diversas novelas brasileiras. Esteve nas duas vers\u00f5es de \u201cPantanal\u201d (em 1990 e em 2022), \u201cA Hist\u00f3ria de Ana Raio e Z\u00e9 Trov\u00e3o\u201d, \u201cO Rei do Gado\u201d e \u201cBicho do Mato\u201d. Atualmente, pode ser visto em \u201cRenascer\u201d, em que interpreta o carism\u00e1tico personagem Rachid, um estrangeiro que n\u00e3o cansa de corrigir um erro recorrente dos brasileiros com a frase \u201cN\u00f3s n\u00e3o \u00e9 turco&#8230; N\u00f3s liban\u00eas!\u201d<\/p>\n\n\n\n<p><strong>Servi\u00e7o:<\/strong><\/p>\n\n\n\n<p><strong>Show com Almir Sater<\/strong><\/p>\n\n\n\n<p>Data: 31 de agosto (s\u00e1bado)<\/p>\n\n\n\n<p>Hor\u00e1rio: 21h (abertura da casa \u00e0s 20h)<\/p>\n\n\n\n<p>Local: Teatro Gua\u00edra &#8211; Audit\u00f3rio Bento Munhoz da Rocha Neto (Rua Conselheiro Laurindo, 175 \u2013 Centro, Curitiba-PR)<\/p>\n\n\n\n<p>Ingressos a partir de R$ 145,00 (meia-entrada) + taxa adm<\/p>\n\n\n\n<p>Classifica\u00e7\u00e3o et\u00e1ria: Livre<\/p>\n\n\n\n<p>Venda de ingressos:<\/p>\n\n\n\n<p><a href=\"https:\/\/www.diskingressos.com.br\/event\/6875\">https:\/\/www.diskingressos.com.br\/event\/6875<\/a><\/p>\n","protected":false},"excerpt":{"rendered":"<p>A tradicional apresenta\u00e7\u00e3o que o m\u00fasico Almir Sater realiza todos os anos em Curitiba est\u00e1 marcada para 31 de agosto (s\u00e1bado) no palco do Guair\u00e3o. A apresenta\u00e7\u00e3o ser\u00e1 marcada por cl\u00e1ssicos da trajet\u00f3ria do cantor e violeiro, como &#8220;Tocando em Frente&#8221;, &#8220;Chalana,&#8221; e &#8220;Trem do Pantanal&#8221;, al\u00e9m de can\u00e7\u00f5es menos conhecidas, como as de seu [&hellip;]<\/p>\n","protected":false},"author":1,"featured_media":3224,"comment_status":"open","ping_status":"open","sticky":false,"template":"","format":"standard","meta":{"footnotes":""},"categories":[1],"tags":[],"class_list":["post-3223","post","type-post","status-publish","format-standard","has-post-thumbnail","hentry","category-sem-categoria"],"_links":{"self":[{"href":"https:\/\/diarioparanaense.com\/index.php?rest_route=\/wp\/v2\/posts\/3223","targetHints":{"allow":["GET"]}}],"collection":[{"href":"https:\/\/diarioparanaense.com\/index.php?rest_route=\/wp\/v2\/posts"}],"about":[{"href":"https:\/\/diarioparanaense.com\/index.php?rest_route=\/wp\/v2\/types\/post"}],"author":[{"embeddable":true,"href":"https:\/\/diarioparanaense.com\/index.php?rest_route=\/wp\/v2\/users\/1"}],"replies":[{"embeddable":true,"href":"https:\/\/diarioparanaense.com\/index.php?rest_route=%2Fwp%2Fv2%2Fcomments&post=3223"}],"version-history":[{"count":1,"href":"https:\/\/diarioparanaense.com\/index.php?rest_route=\/wp\/v2\/posts\/3223\/revisions"}],"predecessor-version":[{"id":3225,"href":"https:\/\/diarioparanaense.com\/index.php?rest_route=\/wp\/v2\/posts\/3223\/revisions\/3225"}],"wp:featuredmedia":[{"embeddable":true,"href":"https:\/\/diarioparanaense.com\/index.php?rest_route=\/wp\/v2\/media\/3224"}],"wp:attachment":[{"href":"https:\/\/diarioparanaense.com\/index.php?rest_route=%2Fwp%2Fv2%2Fmedia&parent=3223"}],"wp:term":[{"taxonomy":"category","embeddable":true,"href":"https:\/\/diarioparanaense.com\/index.php?rest_route=%2Fwp%2Fv2%2Fcategories&post=3223"},{"taxonomy":"post_tag","embeddable":true,"href":"https:\/\/diarioparanaense.com\/index.php?rest_route=%2Fwp%2Fv2%2Ftags&post=3223"}],"curies":[{"name":"wp","href":"https:\/\/api.w.org\/{rel}","templated":true}]}}