{"id":3219,"date":"2024-08-26T16:12:46","date_gmt":"2024-08-26T19:12:46","guid":{"rendered":"https:\/\/diarioparanaense.com\/?p=3219"},"modified":"2024-08-26T16:12:47","modified_gmt":"2024-08-26T19:12:47","slug":"programacao-do-itapoa-jazz-segue-com-show-do-compositor-thiago-ueda","status":"publish","type":"post","link":"https:\/\/diarioparanaense.com\/?p=3219","title":{"rendered":"Programa\u00e7\u00e3o do Itapo\u00e1 Jazz segue com show do compositor Thiago Ueda"},"content":{"rendered":"\n<p class=\"has-medium-font-size\">O m\u00fasico tamb\u00e9m realiza um workshop na cidade com o objetivo de expandir conhecimentos sobre o g\u00eanero musical<\/p>\n\n\n\n<p>No pr\u00f3ximo dia 30 de agosto, o Itapo\u00e1 Jazz recebe o renomado pianista, compositor e professor Thiago Ueda para uma apresenta\u00e7\u00e3o inesquec\u00edvel na cidade. A performance promete encantar o p\u00fablico e refor\u00e7ar o compromisso do Itapo\u00e1 Jazz em transformar a cidade em um polo de m\u00fasica instrumental e cultura.<br><br>Reconhecido por sua habilidade excepcional ao piano e grande experi\u00eancia no ensino de m\u00fasica, Thiago tamb\u00e9m realizar\u00e1 um workshop voltado a m\u00fasicos de todos os n\u00edveis, dando-lhes a oportunidade de expandir seus conhecimentos ao aprender com um grande nome da m\u00fasica instrumental.<br><br>Por meio de shows e oficinas destinados ao p\u00fablico de todas as idades, o evento tem movimentado Itapo\u00e1 com a promo\u00e7\u00e3o do jazz.\u00a0A programa\u00e7\u00e3o segue at\u00e9 janeiro, oferecendo uma experi\u00eancia musical enriquecedora tanto para os amantes do jazz quanto para aqueles que est\u00e3o come\u00e7ando a explorar o g\u00eanero.<br><br>Segundo os idealizadores do evento, D\u00e9rico Bert\u00e9 Filho e Carol Ferreira, o evento prop\u00f5e uma experi\u00eancia imersiva \u00e0s pessoas por meio dos di\u00e1logos musicais caracter\u00edsticos do jazz. Os m\u00fasicos locais formam a banda base dos convidados, tendo a oportunidade de desenvolver suas habilidades e tocar com os grandes nomes escolhidos pela curadoria.<br><br>Ainda de acordo com eles, a troca de experi\u00eancia entre artistas emergentes e consagrados contribui para a forma\u00e7\u00e3o de um ambiente criativo e colaborativo, em que novas ideias e estilos surge, atraem investidores e impulsionam o turismo. \u00a0<br><br>\u201cJ\u00e1 estamos preparando o ano de 2025\u00a0 com novidades. Nosso objetivo \u00e9 incentivar, ao longo de todo o ano, o estudo da improvisa\u00e7\u00e3o, da harmonia popular e do repert\u00f3rio jazz\u00edstico, por meio de shows e da intera\u00e7\u00e3o direta entre os artistas e o p\u00fablico. Pela experi\u00eancia de 2024, \u00e9 not\u00f3rio como isso \u00e9 importante para o desenvolvimento do m\u00fasico no mercado, assim como para a vida das pessoas\u201d, afirmam.<br><br>O melhor \u00e9 que a programa\u00e7\u00e3o \u00e9 voltada para todos, promovendo a inclus\u00e3o e a diversidade:\u00a0<br><br>\u201cUma das grandes virtudes do Itapo\u00e1 Jazz \u00e9 sua acessibilidade. A inclus\u00e3o amplia o p\u00fablico e tamb\u00e9m promove a educa\u00e7\u00e3o musical de maneira pr\u00e1tica e envolvente. Estamos comprometidos em criar um ambiente de aprendizado cont\u00ednuo para todos os participantes\u201d, afirma D\u00e9rico.\u00a0<br><br>D\u00e9rico Bert\u00e9 Filho destaca a rela\u00e7\u00e3o entre a sua trajet\u00f3ria pessoal e o jazz, explicando tamb\u00e9m como o g\u00eanero musical abrange diferentes estilos musicais:<br><br>\u201cO jazz sempre teve um papel fundamental na minha vida, devido \u00e0 sua enorme variedade de estilos e aos conceitos que permeiam toda a m\u00fasica ocidental. O estudo e a pr\u00e1tica dos variados repert\u00f3rios, que abrangem g\u00eaneros como samba, salsa, funk, rock, reggae, entre outros, t\u00eam sido uma fonte constante de aprendizado e inspira\u00e7\u00e3o. Com sua riqueza e complexidade, o jazz oferece base para a compreens\u00e3o e a pr\u00e1tica de in\u00fameros outros estilos musicais\u201d, destaca.<br><br>Para os pr\u00f3ximos meses, a expectativa \u00e9 a de reunir um p\u00fablico ainda maior nas oficinas, que j\u00e1 contou com a participa\u00e7\u00e3o de aproximadamente 300 pessoas.<br><br>&#8220;Estamos empolgados com a resposta do p\u00fablico e a participa\u00e7\u00e3o crescente nos workshops e shows. Acreditamos que estas experi\u00eancias s\u00e3o fundamentais para cultivar uma nova gera\u00e7\u00e3o de m\u00fasicos e apreciadores de jazz&#8221;, comenta.<br><br>A programa\u00e7\u00e3o do Itapo\u00e1 Jazz \u00e9 totalmente gratuita, e pode ser conferida no Instagram do evento.<br><br>&#8220;Queremos que o festival deixe um impacto duradouro, n\u00e3o apenas como uma s\u00e9rie de eventos, mas como um catalisador para o crescimento e a valoriza\u00e7\u00e3o do jazz em nossa comunidade&#8221;, conclui.<br><br><strong>Servi\u00e7o<\/strong>:\u00a0<br><br>30\/08\/2024 &#8211; Oficina Thiago Ueda\u00a0<br>31\/08\/2024 &#8211; Show Thiago Ueda \u00a0<br>25\/10\/2024 &#8211; Show Maurilio Ribeiro<br>26\/10\/2024 &#8211; Oficina Maurilio Ribeiro\u00a0<br>29\/11\/2024 &#8211; Show Glauco Solter<br>30\/11\/2024 &#8211; Oficina Glauco Solter<br>18\/1\/2025 &#8211; Oficina L\u00e9a Freire<br>19\/1\/2025 &#8211; Show L\u00e9a Freire\u00a0<br>Informa\u00e7\u00f5es: D\u00e9rico Bert\u00e9 Filho (Todas as Tribos Eventos)<br>Telefone e \u00a0WhatsApp: \u00a041-992769128<br>E-mail: \u00a0todasastribos_itapoasc@hotmail.com<\/p>\n","protected":false},"excerpt":{"rendered":"<p>O m\u00fasico tamb\u00e9m realiza um workshop na cidade com o objetivo de expandir conhecimentos sobre o g\u00eanero musical No pr\u00f3ximo dia 30 de agosto, o Itapo\u00e1 Jazz recebe o renomado pianista, compositor e professor Thiago Ueda para uma apresenta\u00e7\u00e3o inesquec\u00edvel na cidade. A performance promete encantar o p\u00fablico e refor\u00e7ar o compromisso do Itapo\u00e1 Jazz [&hellip;]<\/p>\n","protected":false},"author":1,"featured_media":3220,"comment_status":"open","ping_status":"open","sticky":false,"template":"","format":"standard","meta":{"footnotes":""},"categories":[27],"tags":[],"class_list":["post-3219","post","type-post","status-publish","format-standard","has-post-thumbnail","hentry","category-musica"],"_links":{"self":[{"href":"https:\/\/diarioparanaense.com\/index.php?rest_route=\/wp\/v2\/posts\/3219","targetHints":{"allow":["GET"]}}],"collection":[{"href":"https:\/\/diarioparanaense.com\/index.php?rest_route=\/wp\/v2\/posts"}],"about":[{"href":"https:\/\/diarioparanaense.com\/index.php?rest_route=\/wp\/v2\/types\/post"}],"author":[{"embeddable":true,"href":"https:\/\/diarioparanaense.com\/index.php?rest_route=\/wp\/v2\/users\/1"}],"replies":[{"embeddable":true,"href":"https:\/\/diarioparanaense.com\/index.php?rest_route=%2Fwp%2Fv2%2Fcomments&post=3219"}],"version-history":[{"count":1,"href":"https:\/\/diarioparanaense.com\/index.php?rest_route=\/wp\/v2\/posts\/3219\/revisions"}],"predecessor-version":[{"id":3221,"href":"https:\/\/diarioparanaense.com\/index.php?rest_route=\/wp\/v2\/posts\/3219\/revisions\/3221"}],"wp:featuredmedia":[{"embeddable":true,"href":"https:\/\/diarioparanaense.com\/index.php?rest_route=\/wp\/v2\/media\/3220"}],"wp:attachment":[{"href":"https:\/\/diarioparanaense.com\/index.php?rest_route=%2Fwp%2Fv2%2Fmedia&parent=3219"}],"wp:term":[{"taxonomy":"category","embeddable":true,"href":"https:\/\/diarioparanaense.com\/index.php?rest_route=%2Fwp%2Fv2%2Fcategories&post=3219"},{"taxonomy":"post_tag","embeddable":true,"href":"https:\/\/diarioparanaense.com\/index.php?rest_route=%2Fwp%2Fv2%2Ftags&post=3219"}],"curies":[{"name":"wp","href":"https:\/\/api.w.org\/{rel}","templated":true}]}}