{"id":3216,"date":"2024-08-26T16:10:10","date_gmt":"2024-08-26T19:10:10","guid":{"rendered":"https:\/\/diarioparanaense.com\/?p=3216"},"modified":"2024-08-26T16:10:10","modified_gmt":"2024-08-26T19:10:10","slug":"ceo-da-4us-talita-watanabe-compartilha-experiencia-transformadora-de-intercambio-em-malta","status":"publish","type":"post","link":"https:\/\/diarioparanaense.com\/?p=3216","title":{"rendered":"CEO da 4us, Talita Watanabe, compartilha experi\u00eancia transformadora de interc\u00e2mbio em Malta"},"content":{"rendered":"\n<p class=\"has-medium-font-size\">Ap\u00f3s tr\u00eas meses de imers\u00e3o cultural e aprendizado, Talita destaca as li\u00e7\u00f5es que levar\u00e1 para sua empresa e como a viv\u00eancia no exterior moldou sua vis\u00e3o empresarial<\/p>\n\n\n\n<p>Ap\u00f3s tr\u00eas meses intensos de interc\u00e2mbio em Malta, Talita Watanabe, CEO da 4us, retorna ao Brasil com uma bagagem repleta de experi\u00eancias que, segundo ela, ir\u00e3o moldar a dire\u00e7\u00e3o futura de sua empresa. A decis\u00e3o de realizar o interc\u00e2mbio surgiu do desejo de expandir seus horizontes, tanto pessoal quanto profissionalmente.<\/p>\n\n\n\n<p>&#8220;Eu sempre tive a vontade de me desafiar em um ambiente completamente novo, e Malta se apresentou como a escolha ideal pela combina\u00e7\u00e3o de qualidade de ensino e diversidade cultural,&#8221; afirma Talita Watanabe. &#8220;Escolhi uma escola renomada, reconhecida internacionalmente, que me proporcionou n\u00e3o s\u00f3 um aprendizado s\u00f3lido no idioma, mas tamb\u00e9m uma compreens\u00e3o mais ampla sobre culturas e pr\u00e1ticas de neg\u00f3cios.&#8221;<\/p>\n\n\n\n<p>Durante sua estadia, Talita p\u00f4de observar diferen\u00e7as significativas na forma como neg\u00f3cios s\u00e3o conduzidos em um ambiente internacional, e como a abordagem multicultural pode trazer novas perspectivas para a gest\u00e3o empresarial. &#8220;O que mais me marcou foi a capacidade de adapta\u00e7\u00e3o que \u00e9 exigida quando se est\u00e1 em um pa\u00eds diferente, convivendo com pessoas de culturas distintas. Isso me ensinou a valorizar ainda mais a flexibilidade e a empatia na condu\u00e7\u00e3o dos neg\u00f3cios,&#8221; explica.<\/p>\n\n\n\n<p>Talita acredita que essa experi\u00eancia ser\u00e1 crucial para o crescimento da 4us. &#8220;A viv\u00eancia em Malta me permitiu enxergar novas oportunidades para a empresa, especialmente no que diz respeito \u00e0 expans\u00e3o e ao entendimento das necessidades dos nossos clientes em um contexto global. Estou certa de que as li\u00e7\u00f5es aprendidas ser\u00e3o um diferencial na forma como lidero e tomo decis\u00f5es daqui para frente.&#8221;<\/p>\n\n\n\n<p>Com essa experi\u00eancia, Talita Watanabe volta ao Brasil ainda mais preparada para liderar sua equipe e expandir as fronteiras da 4us, levando consigo a certeza de que o aprendizado nunca termina e que estar aberto a novas experi\u00eancias \u00e9 a chave&nbsp;para&nbsp;o&nbsp;sucesso.<\/p>\n","protected":false},"excerpt":{"rendered":"<p>Ap\u00f3s tr\u00eas meses de imers\u00e3o cultural e aprendizado, Talita destaca as li\u00e7\u00f5es que levar\u00e1 para sua empresa e como a viv\u00eancia no exterior moldou sua vis\u00e3o empresarial Ap\u00f3s tr\u00eas meses intensos de interc\u00e2mbio em Malta, Talita Watanabe, CEO da 4us, retorna ao Brasil com uma bagagem repleta de experi\u00eancias que, segundo ela, ir\u00e3o moldar a [&hellip;]<\/p>\n","protected":false},"author":1,"featured_media":3217,"comment_status":"open","ping_status":"open","sticky":false,"template":"","format":"standard","meta":{"footnotes":""},"categories":[29],"tags":[],"class_list":["post-3216","post","type-post","status-publish","format-standard","has-post-thumbnail","hentry","category-artigos"],"_links":{"self":[{"href":"https:\/\/diarioparanaense.com\/index.php?rest_route=\/wp\/v2\/posts\/3216","targetHints":{"allow":["GET"]}}],"collection":[{"href":"https:\/\/diarioparanaense.com\/index.php?rest_route=\/wp\/v2\/posts"}],"about":[{"href":"https:\/\/diarioparanaense.com\/index.php?rest_route=\/wp\/v2\/types\/post"}],"author":[{"embeddable":true,"href":"https:\/\/diarioparanaense.com\/index.php?rest_route=\/wp\/v2\/users\/1"}],"replies":[{"embeddable":true,"href":"https:\/\/diarioparanaense.com\/index.php?rest_route=%2Fwp%2Fv2%2Fcomments&post=3216"}],"version-history":[{"count":1,"href":"https:\/\/diarioparanaense.com\/index.php?rest_route=\/wp\/v2\/posts\/3216\/revisions"}],"predecessor-version":[{"id":3218,"href":"https:\/\/diarioparanaense.com\/index.php?rest_route=\/wp\/v2\/posts\/3216\/revisions\/3218"}],"wp:featuredmedia":[{"embeddable":true,"href":"https:\/\/diarioparanaense.com\/index.php?rest_route=\/wp\/v2\/media\/3217"}],"wp:attachment":[{"href":"https:\/\/diarioparanaense.com\/index.php?rest_route=%2Fwp%2Fv2%2Fmedia&parent=3216"}],"wp:term":[{"taxonomy":"category","embeddable":true,"href":"https:\/\/diarioparanaense.com\/index.php?rest_route=%2Fwp%2Fv2%2Fcategories&post=3216"},{"taxonomy":"post_tag","embeddable":true,"href":"https:\/\/diarioparanaense.com\/index.php?rest_route=%2Fwp%2Fv2%2Ftags&post=3216"}],"curies":[{"name":"wp","href":"https:\/\/api.w.org\/{rel}","templated":true}]}}