{"id":3210,"date":"2024-08-26T14:54:36","date_gmt":"2024-08-26T17:54:36","guid":{"rendered":"https:\/\/diarioparanaense.com\/?p=3210"},"modified":"2024-08-26T14:54:37","modified_gmt":"2024-08-26T17:54:37","slug":"o-joalheiro-dos-orixas-promete-marcar-o-mercado-de-joias-com-homenagem-a-espiritualidade-afro-brasileira-em-inauguracao-de-nova-loja","status":"publish","type":"post","link":"https:\/\/diarioparanaense.com\/?p=3210","title":{"rendered":"\u201dO Joalheiro dos Orix\u00e1s&#8221; promete marcar o mercado de joias com homenagem \u00e0 espiritualidade afro-brasileira em inaugura\u00e7\u00e3o de nova loja"},"content":{"rendered":"\n<p class=\"has-medium-font-size\">Abertura em 29 de agosto contar\u00e1 com jantar exclusivo para personalidades das religi\u00f5es de matriz africana, destacando a import\u00e2ncia de uma joalheria dedicada a esse p\u00fablico<\/p>\n\n\n\n<p>No pr\u00f3ximo dia 29 de agosto de 2024, o mercado de joias ganhar\u00e1 uma nova e significativa adi\u00e7\u00e3o com a inaugura\u00e7\u00e3o da loja &#8220;O Joalheiro dos Orix\u00e1s&#8221;. Dedicada a criar e oferecer pe\u00e7as inspiradas nas religi\u00f5es de matriz africana, a loja chega com a miss\u00e3o de celebrar a espiritualidade, a cultura e a beleza afro-brasileira atrav\u00e9s de joias exclusivas. Para marcar a abertura, ser\u00e1 realizado um jantar especial, reunindo importantes personalidades ligadas \u00e0s tradi\u00e7\u00f5es religiosas afro-brasileiras, num evento que promete ser tanto um marco cultural quanto um momento de uni\u00e3o e celebra\u00e7\u00e3o.<\/p>\n\n\n\n<p>Diego de Ox\u00f3ssi, uma das vozes mais respeitadas do candombl\u00e9 e idealizador da loja, comentou sobre a import\u00e2ncia desse empreendimento para a comunidade: &#8220;A inaugura\u00e7\u00e3o de &#8216;O Joalheiro dos Orix\u00e1s&#8217; vai muito al\u00e9m de uma simples abertura comercial. Estamos falando de um espa\u00e7o que honra a nossa ancestralidade, que oferece pe\u00e7as que carregam significados profundos e que fortalecem a identidade de quem as usa. Este \u00e9 um passo importante n\u00e3o s\u00f3 para o mercado de joias, mas para a valoriza\u00e7\u00e3o e visibilidade das religi\u00f5es de matriz africana no Brasil.&#8221;<\/p>\n\n\n\n<p>A loja traz consigo um novo conceito no mercado de joias, focando em um p\u00fablico que historicamente tem sido sub-representado. Com uma linha completa de joias que v\u00e3o desde colares e an\u00e9is at\u00e9 braceletes e brincos, todas as pe\u00e7as s\u00e3o criadas com materiais nobres e desenhadas para refletir a for\u00e7a e a espiritualidade dos orix\u00e1s. Al\u00e9m disso, cada joia \u00e9 acompanhada de um certificado que explica seu significado, oferecendo ao cliente uma conex\u00e3o ainda mais profunda com sua cultura e f\u00e9.<\/p>\n\n\n\n<p>&#8220;Este empreendimento \u00e9 uma forma de respeito e de orgulho pela nossa heran\u00e7a. Estamos trazendo para o mercado algo que j\u00e1 era desejado h\u00e1 muito tempo: joias que falam diretamente ao cora\u00e7\u00e3o e \u00e0 alma de quem segue as religi\u00f5es de matriz africana. \u00c9 uma honra poder oferecer um produto que carrega tanta hist\u00f3ria e que vai al\u00e9m do que o olho v\u00ea, tocando o espiritual,&#8221; completa Diego de Ox\u00f3ssi.<\/p>\n\n\n\n<p>A inaugura\u00e7\u00e3o da loja &#8220;O Joalheiro dos Orix\u00e1s&#8221; \u00e9 mais do que um evento de mercado; \u00e9 um reconhecimento da import\u00e2ncia e da riqueza cultural das tradi\u00e7\u00f5es afro-brasileiras. Com uma proposta inovadora e um compromisso claro com a qualidade e o respeito \u00e0s tradi\u00e7\u00f5es, a loja promete n\u00e3o s\u00f3 conquistar o mercado, mas tamb\u00e9m inspirar outras iniciativas que valorizem a diversidade e a&nbsp;ancestralidade.<\/p>\n","protected":false},"excerpt":{"rendered":"<p>Abertura em 29 de agosto contar\u00e1 com jantar exclusivo para personalidades das religi\u00f5es de matriz africana, destacando a import\u00e2ncia de uma joalheria dedicada a esse p\u00fablico No pr\u00f3ximo dia 29 de agosto de 2024, o mercado de joias ganhar\u00e1 uma nova e significativa adi\u00e7\u00e3o com a inaugura\u00e7\u00e3o da loja &#8220;O Joalheiro dos Orix\u00e1s&#8221;. Dedicada a [&hellip;]<\/p>\n","protected":false},"author":1,"featured_media":3211,"comment_status":"open","ping_status":"open","sticky":false,"template":"","format":"standard","meta":{"footnotes":""},"categories":[29],"tags":[],"class_list":["post-3210","post","type-post","status-publish","format-standard","has-post-thumbnail","hentry","category-artigos"],"_links":{"self":[{"href":"https:\/\/diarioparanaense.com\/index.php?rest_route=\/wp\/v2\/posts\/3210","targetHints":{"allow":["GET"]}}],"collection":[{"href":"https:\/\/diarioparanaense.com\/index.php?rest_route=\/wp\/v2\/posts"}],"about":[{"href":"https:\/\/diarioparanaense.com\/index.php?rest_route=\/wp\/v2\/types\/post"}],"author":[{"embeddable":true,"href":"https:\/\/diarioparanaense.com\/index.php?rest_route=\/wp\/v2\/users\/1"}],"replies":[{"embeddable":true,"href":"https:\/\/diarioparanaense.com\/index.php?rest_route=%2Fwp%2Fv2%2Fcomments&post=3210"}],"version-history":[{"count":1,"href":"https:\/\/diarioparanaense.com\/index.php?rest_route=\/wp\/v2\/posts\/3210\/revisions"}],"predecessor-version":[{"id":3212,"href":"https:\/\/diarioparanaense.com\/index.php?rest_route=\/wp\/v2\/posts\/3210\/revisions\/3212"}],"wp:featuredmedia":[{"embeddable":true,"href":"https:\/\/diarioparanaense.com\/index.php?rest_route=\/wp\/v2\/media\/3211"}],"wp:attachment":[{"href":"https:\/\/diarioparanaense.com\/index.php?rest_route=%2Fwp%2Fv2%2Fmedia&parent=3210"}],"wp:term":[{"taxonomy":"category","embeddable":true,"href":"https:\/\/diarioparanaense.com\/index.php?rest_route=%2Fwp%2Fv2%2Fcategories&post=3210"},{"taxonomy":"post_tag","embeddable":true,"href":"https:\/\/diarioparanaense.com\/index.php?rest_route=%2Fwp%2Fv2%2Ftags&post=3210"}],"curies":[{"name":"wp","href":"https:\/\/api.w.org\/{rel}","templated":true}]}}