{"id":3196,"date":"2024-08-20T14:14:59","date_gmt":"2024-08-20T17:14:59","guid":{"rendered":"https:\/\/diarioparanaense.com\/?p=3196"},"modified":"2024-08-20T14:14:59","modified_gmt":"2024-08-20T17:14:59","slug":"sinepe-pr-lanca-2a-edicao-do-manual-de-orientacoes-para-educacao-inclusiva","status":"publish","type":"post","link":"https:\/\/diarioparanaense.com\/?p=3196","title":{"rendered":"Sinepe\/PR lan\u00e7a 2\u00aa edi\u00e7\u00e3o do manual de orienta\u00e7\u00f5es para educa\u00e7\u00e3o inclusiva"},"content":{"rendered":"\n<p class=\"has-medium-font-size\">Publica\u00e7\u00e3o esclarece d\u00favidas sobre inclus\u00e3o escolar e orienta gestores e educadores para pr\u00e1ticas eficazes<\/p>\n\n\n\n<p>O Sindicato das Escolas Particulares (Sinepe\/PR) lan\u00e7ou na segunda-feira (19), no audit\u00f3rio do sindicato, a 2\u00aa edi\u00e7\u00e3o do Manual de Orienta\u00e7\u00f5es \u201cTodos Juntos por uma Educa\u00e7\u00e3o Inclusiva\u201d. A publica\u00e7\u00e3o visa responder aos principais questionamentos sobre inclus\u00e3o no ambiente escolar e as novas emendas na legisla\u00e7\u00e3o.<\/p>\n\n\n\n<p>O manual oferece diretrizes pr\u00e1ticas e detalhadas, facilitando a atua\u00e7\u00e3o das escolas e buscando garantir um atendimento adequado a todos os estudantes. \u201cEsse documento \u00e9 uma ferramenta essencial para educadores e gestores, fornecendo orienta\u00e7\u00f5es claras sobre pr\u00e1ticas inclusivas no dia a dia escolar\u201d, ressalta S\u00e9rgio Herrero Moraes, presidente do Sinepe\/PR.<\/p>\n\n\n\n<p>De acordo com a professora Naura Nanci Muniz, membro da Comiss\u00e3o de Inclus\u00e3o do Sinepe\/PR, o lan\u00e7amento foi bem recebido pelas escolas e autoridades. \u201cEnvolver as autoridades \u00e9 essencial, pois elas criam as leis e precisam compreender a realidade pr\u00e1tica das escolas\u201d, e complementa: \u201c\u00e9 importante identificar o que est\u00e1 funcionando e o que precisa ser aprimorado. Por isso, a divulga\u00e7\u00e3o deste manual \u00e9 crucial para responder a algumas das quest\u00f5es que afligem as institui\u00e7\u00f5es atualmente.\u201d<\/p>\n\n\n\n<p>O evento contou com a participa\u00e7\u00e3o de representantes dos \u00f3rg\u00e3os de educa\u00e7\u00e3o estadual e municipal, da justi\u00e7a e da rede privada de ensino. O senador Fl\u00e1vio Arns destacou a import\u00e2ncia nacional da iniciativa: \u201cEsse manual ajudar\u00e1 todos que desejam entender o que fazer, como agir e quais alternativas seguir, oferecendo uma reflex\u00e3o cont\u00ednua e fundamental para a constru\u00e7\u00e3o de caminhos de cidadania para as pessoas com defici\u00eancia ao longo de toda a vida.\u201d<\/p>\n\n\n\n<p class=\"has-medium-font-size\">Servi\u00e7o:<\/p>\n\n\n\n<p>A partir do dia 20 de agosto, o Sinepe\/PR distribuir\u00e1 o material para todas as escolas associadas e disponibilizar\u00e1 o eBook no site do sindicato, <a href=\"http:\/\/www.sinepepr.org.br\/\">http:\/\/www.sinepepr.org.br\/<\/a>, para todos que desejarem\u00a0acess\u00e1-lo.<\/p>\n","protected":false},"excerpt":{"rendered":"<p>Publica\u00e7\u00e3o esclarece d\u00favidas sobre inclus\u00e3o escolar e orienta gestores e educadores para pr\u00e1ticas eficazes O Sindicato das Escolas Particulares (Sinepe\/PR) lan\u00e7ou na segunda-feira (19), no audit\u00f3rio do sindicato, a 2\u00aa edi\u00e7\u00e3o do Manual de Orienta\u00e7\u00f5es \u201cTodos Juntos por uma Educa\u00e7\u00e3o Inclusiva\u201d. A publica\u00e7\u00e3o visa responder aos principais questionamentos sobre inclus\u00e3o no ambiente escolar e as [&hellip;]<\/p>\n","protected":false},"author":1,"featured_media":3197,"comment_status":"open","ping_status":"open","sticky":false,"template":"","format":"standard","meta":{"footnotes":""},"categories":[29],"tags":[],"class_list":["post-3196","post","type-post","status-publish","format-standard","has-post-thumbnail","hentry","category-artigos"],"_links":{"self":[{"href":"https:\/\/diarioparanaense.com\/index.php?rest_route=\/wp\/v2\/posts\/3196","targetHints":{"allow":["GET"]}}],"collection":[{"href":"https:\/\/diarioparanaense.com\/index.php?rest_route=\/wp\/v2\/posts"}],"about":[{"href":"https:\/\/diarioparanaense.com\/index.php?rest_route=\/wp\/v2\/types\/post"}],"author":[{"embeddable":true,"href":"https:\/\/diarioparanaense.com\/index.php?rest_route=\/wp\/v2\/users\/1"}],"replies":[{"embeddable":true,"href":"https:\/\/diarioparanaense.com\/index.php?rest_route=%2Fwp%2Fv2%2Fcomments&post=3196"}],"version-history":[{"count":1,"href":"https:\/\/diarioparanaense.com\/index.php?rest_route=\/wp\/v2\/posts\/3196\/revisions"}],"predecessor-version":[{"id":3198,"href":"https:\/\/diarioparanaense.com\/index.php?rest_route=\/wp\/v2\/posts\/3196\/revisions\/3198"}],"wp:featuredmedia":[{"embeddable":true,"href":"https:\/\/diarioparanaense.com\/index.php?rest_route=\/wp\/v2\/media\/3197"}],"wp:attachment":[{"href":"https:\/\/diarioparanaense.com\/index.php?rest_route=%2Fwp%2Fv2%2Fmedia&parent=3196"}],"wp:term":[{"taxonomy":"category","embeddable":true,"href":"https:\/\/diarioparanaense.com\/index.php?rest_route=%2Fwp%2Fv2%2Fcategories&post=3196"},{"taxonomy":"post_tag","embeddable":true,"href":"https:\/\/diarioparanaense.com\/index.php?rest_route=%2Fwp%2Fv2%2Ftags&post=3196"}],"curies":[{"name":"wp","href":"https:\/\/api.w.org\/{rel}","templated":true}]}}