{"id":3195,"date":"2024-08-20T14:15:57","date_gmt":"2024-08-20T17:15:57","guid":{"rendered":"https:\/\/diarioparanaense.com\/?p=3195"},"modified":"2024-08-20T14:15:58","modified_gmt":"2024-08-20T17:15:58","slug":"festival-de-danca-da-escola-atuacao-e-um-encontro-de-arte-movimento-e-expressao","status":"publish","type":"post","link":"https:\/\/diarioparanaense.com\/?p=3195","title":{"rendered":"Festival de Dan\u00e7a da Escola Atua\u00e7\u00e3o \u00e9 um encontro de arte, movimento e express\u00e3o"},"content":{"rendered":"\n<p class=\"has-medium-font-size\">Evento anual re\u00fane fam\u00edlias para prestigiar as apresenta\u00e7\u00f5es de dan\u00e7a dos estudantes no Espa\u00e7o Torres<\/p>\n\n\n\n<p>Desde cedo, a pr\u00e1tica da dan\u00e7a contribui para o aprimoramento da coordena\u00e7\u00e3o motora, da confian\u00e7a e da express\u00e3o criativa. Pensando nisso, a Escola Atua\u00e7\u00e3o realiza anualmente o Festival de Dan\u00e7a, uma oportunidade para os estudantes compartilharem com suas fam\u00edlias o que aprenderam e ensaiaram durante o semestre. Neste ano, o festival acontecer\u00e1 nos dias 27, 28 e 29 de agosto, no Espa\u00e7o Torres.<\/p>\n\n\n\n<p>Segundo a coordenadora do projeto, Fernanda Andrade, a dan\u00e7a desempenha um papel fundamental no desenvolvimento das crian\u00e7as, oferecendo benef\u00edcios n\u00e3o apenas f\u00edsicos, mas tamb\u00e9m emocionais e sociais. \u201cEssa modalidade ajuda o estudante a conhecer o pr\u00f3prio corpo, pois trabalha a tens\u00e3o, a concentra\u00e7\u00e3o, o ritmo, o foco, a percep\u00e7\u00e3o auditiva e o trabalho em equipe, contribuindo para o desenvolvimento pedag\u00f3gico\u201d, explica.<\/p>\n\n\n\n<p>O evento contar\u00e1 com a participa\u00e7\u00e3o de todos os estudantes que praticam dan\u00e7a na escola, incluindo o grupo de talentos, a equipe de destaque que representa a escola em competi\u00e7\u00f5es e festivais de dan\u00e7a na cidade, demonstrando o alto n\u00edvel das coreografias e do trabalho desenvolvido ao longo do ano.<\/p>\n\n\n\n<p>A Escola Atua\u00e7\u00e3o se encarrega de levar os grupos ao evento, garantindo que este momento seja uma experi\u00eancia enriquecedora para todos os envolvidos. \u201cAs fam\u00edlias s\u00e3o convidadas a comparecer ao festival conforme a turma de seus filhos, vivenciando um pouco do que \u00e9 ensinado nas aulas de dan\u00e7a e celebrando o empenho e a dedica\u00e7\u00e3o dos estudantes\u201d, acrescenta&nbsp;a&nbsp;coordenadora.<\/p>\n","protected":false},"excerpt":{"rendered":"<p>Evento anual re\u00fane fam\u00edlias para prestigiar as apresenta\u00e7\u00f5es de dan\u00e7a dos estudantes no Espa\u00e7o Torres Desde cedo, a pr\u00e1tica da dan\u00e7a contribui para o aprimoramento da coordena\u00e7\u00e3o motora, da confian\u00e7a e da express\u00e3o criativa. Pensando nisso, a Escola Atua\u00e7\u00e3o realiza anualmente o Festival de Dan\u00e7a, uma oportunidade para os estudantes compartilharem com suas fam\u00edlias o [&hellip;]<\/p>\n","protected":false},"author":1,"featured_media":3199,"comment_status":"open","ping_status":"open","sticky":false,"template":"","format":"standard","meta":{"footnotes":""},"categories":[431],"tags":[],"class_list":["post-3195","post","type-post","status-publish","format-standard","has-post-thumbnail","hentry","category-cultura"],"_links":{"self":[{"href":"https:\/\/diarioparanaense.com\/index.php?rest_route=\/wp\/v2\/posts\/3195","targetHints":{"allow":["GET"]}}],"collection":[{"href":"https:\/\/diarioparanaense.com\/index.php?rest_route=\/wp\/v2\/posts"}],"about":[{"href":"https:\/\/diarioparanaense.com\/index.php?rest_route=\/wp\/v2\/types\/post"}],"author":[{"embeddable":true,"href":"https:\/\/diarioparanaense.com\/index.php?rest_route=\/wp\/v2\/users\/1"}],"replies":[{"embeddable":true,"href":"https:\/\/diarioparanaense.com\/index.php?rest_route=%2Fwp%2Fv2%2Fcomments&post=3195"}],"version-history":[{"count":1,"href":"https:\/\/diarioparanaense.com\/index.php?rest_route=\/wp\/v2\/posts\/3195\/revisions"}],"predecessor-version":[{"id":3200,"href":"https:\/\/diarioparanaense.com\/index.php?rest_route=\/wp\/v2\/posts\/3195\/revisions\/3200"}],"wp:featuredmedia":[{"embeddable":true,"href":"https:\/\/diarioparanaense.com\/index.php?rest_route=\/wp\/v2\/media\/3199"}],"wp:attachment":[{"href":"https:\/\/diarioparanaense.com\/index.php?rest_route=%2Fwp%2Fv2%2Fmedia&parent=3195"}],"wp:term":[{"taxonomy":"category","embeddable":true,"href":"https:\/\/diarioparanaense.com\/index.php?rest_route=%2Fwp%2Fv2%2Fcategories&post=3195"},{"taxonomy":"post_tag","embeddable":true,"href":"https:\/\/diarioparanaense.com\/index.php?rest_route=%2Fwp%2Fv2%2Ftags&post=3195"}],"curies":[{"name":"wp","href":"https:\/\/api.w.org\/{rel}","templated":true}]}}