{"id":3189,"date":"2024-08-19T09:37:05","date_gmt":"2024-08-19T12:37:05","guid":{"rendered":"https:\/\/diarioparanaense.com\/?p=3189"},"modified":"2024-08-19T09:37:38","modified_gmt":"2024-08-19T12:37:38","slug":"andrea-broggio-e-a-diretora-comercial-da-cogra-distribuidora","status":"publish","type":"post","link":"https:\/\/diarioparanaense.com\/?p=3189","title":{"rendered":"Andrea Broggio \u00e9 a Diretora Comercial da Cogra Distribuidora"},"content":{"rendered":"\n<p>Com mais de 25 anos de atua\u00e7\u00e3o no mercado de outsourcing, Andrea Broggio \u00e9 a nova Diretora Comercial da <a href=\"https:\/\/www.cogra.com.br\/\">Cogra Distribuidora<\/a>, l\u00edder no segmento de equipamentos de impress\u00e3o gerenciada em territ\u00f3rio nacional.<\/p>\n\n\n\n<p>A executiva assume com a miss\u00e3o de dirigir toda a equipe comercial e criar um cen\u00e1rio que permita o melhor aproveitamento do potencial do time e seu desenvolvimento, bem como a implementa\u00e7\u00e3o de novas estrat\u00e9gias para aumentar o faturamento da companhia.<\/p>\n\n\n\n<p>Como principal desafio, Andrea reestruturou a \u00e1rea comercial com a amplia\u00e7\u00e3o de gerentes regionais e cria\u00e7\u00e3o dos cargos de gerente nacional e supervisora de vendas. \u201cPara o segundo semestre daremos mais foco em novos neg\u00f3cios, na expans\u00e3o regional e na capilaridade da base de clientes\u201d.<\/p>\n\n\n\n<p>Formada em psicologia pela Unesp e p\u00f3s-graduada em Recursos Humanos e Empreendedorismo, Andrea trabalha na Cogra h\u00e1 mais de 18 anos. \u201cSinto me privilegiada em trabalhar todos esses anos na Cogra, empresa que mant\u00e9m a lideran\u00e7a no segmento, valorizando, investindo e motivando seus colaboradores \u201c, finaliza.<\/p>\n","protected":false},"excerpt":{"rendered":"<p>Com mais de 25 anos de atua\u00e7\u00e3o no mercado de outsourcing, Andrea Broggio \u00e9 a nova Diretora Comercial da Cogra Distribuidora, l\u00edder no segmento de equipamentos de impress\u00e3o gerenciada em territ\u00f3rio nacional. A executiva assume com a miss\u00e3o de dirigir toda a equipe comercial e criar um cen\u00e1rio que permita o melhor aproveitamento do potencial [&hellip;]<\/p>\n","protected":false},"author":1,"featured_media":3190,"comment_status":"open","ping_status":"open","sticky":false,"template":"","format":"standard","meta":{"footnotes":""},"categories":[324],"tags":[],"class_list":["post-3189","post","type-post","status-publish","format-standard","has-post-thumbnail","hentry","category-negocios"],"_links":{"self":[{"href":"https:\/\/diarioparanaense.com\/index.php?rest_route=\/wp\/v2\/posts\/3189","targetHints":{"allow":["GET"]}}],"collection":[{"href":"https:\/\/diarioparanaense.com\/index.php?rest_route=\/wp\/v2\/posts"}],"about":[{"href":"https:\/\/diarioparanaense.com\/index.php?rest_route=\/wp\/v2\/types\/post"}],"author":[{"embeddable":true,"href":"https:\/\/diarioparanaense.com\/index.php?rest_route=\/wp\/v2\/users\/1"}],"replies":[{"embeddable":true,"href":"https:\/\/diarioparanaense.com\/index.php?rest_route=%2Fwp%2Fv2%2Fcomments&post=3189"}],"version-history":[{"count":1,"href":"https:\/\/diarioparanaense.com\/index.php?rest_route=\/wp\/v2\/posts\/3189\/revisions"}],"predecessor-version":[{"id":3191,"href":"https:\/\/diarioparanaense.com\/index.php?rest_route=\/wp\/v2\/posts\/3189\/revisions\/3191"}],"wp:featuredmedia":[{"embeddable":true,"href":"https:\/\/diarioparanaense.com\/index.php?rest_route=\/wp\/v2\/media\/3190"}],"wp:attachment":[{"href":"https:\/\/diarioparanaense.com\/index.php?rest_route=%2Fwp%2Fv2%2Fmedia&parent=3189"}],"wp:term":[{"taxonomy":"category","embeddable":true,"href":"https:\/\/diarioparanaense.com\/index.php?rest_route=%2Fwp%2Fv2%2Fcategories&post=3189"},{"taxonomy":"post_tag","embeddable":true,"href":"https:\/\/diarioparanaense.com\/index.php?rest_route=%2Fwp%2Fv2%2Ftags&post=3189"}],"curies":[{"name":"wp","href":"https:\/\/api.w.org\/{rel}","templated":true}]}}