{"id":3186,"date":"2024-08-19T09:17:18","date_gmt":"2024-08-19T12:17:18","guid":{"rendered":"https:\/\/diarioparanaense.com\/?p=3186"},"modified":"2024-08-19T09:17:23","modified_gmt":"2024-08-19T12:17:23","slug":"laura-kalil-a-nova-promessa-da-musica-sertaneja-teen-no-brasil","status":"publish","type":"post","link":"https:\/\/diarioparanaense.com\/?p=3186","title":{"rendered":"Laura Kalil: A Nova Promessa da M\u00fasica Sertaneja Teen no Brasil"},"content":{"rendered":"\n<p>A jovem Laura Kalil Felizardo, de 16 anos, est\u00e1 despontando como uma das grandes promessas da m\u00fasica sertaneja teen no Brasil. Natural de Campina Grande do Sul, Paran\u00e1, e atualmente residindo em Campo Magro, tamb\u00e9m no Paran\u00e1, Laura vem encantando o p\u00fablico brasileiro com sua voz poderosa e presen\u00e7a de palco marcante.<\/p>\n\n\n\n<p>Dona de uma voz \u00edmpar e de uma pot\u00eancia vocal impressionante, Laura se destacou entre os finalistas do programa &#8220;Canta Comigo Teen&#8221;, apresentado por Rodrigo Faro na Rede Record de Televis\u00e3o. Sua performance chamou a aten\u00e7\u00e3o tanto do p\u00fablico quanto dos jurados, consolidando sua posi\u00e7\u00e3o como uma das grandes revela\u00e7\u00f5es do programa.<\/p>\n\n\n\n<p>Mas a trajet\u00f3ria de Laura na m\u00fasica n\u00e3o come\u00e7ou a\u00ed. Antes de brilhar na Record, ela j\u00e1 havia encantado os telespectadores do programa Raul Gil, no SBT, onde foi destaque em v\u00e1rias apresenta\u00e7\u00f5es. Seu talento natural e carisma foram fundamentais para conquistar uma legi\u00e3o de f\u00e3s que a acompanham desde ent\u00e3o.<\/p>\n\n\n\n<p>Com um repert\u00f3rio din\u00e2mico e contagiante, que inclui grandes sucessos do sertanejo, Laura Kalil leva um verdadeiro espet\u00e1culo para cada evento em que participa. Sua capacidade de interpretar can\u00e7\u00f5es com emo\u00e7\u00e3o e energia cativa o p\u00fablico, garantindo que cada apresenta\u00e7\u00e3o seja \u00fanica.<\/p>\n\n\n\n<p>O ano de 2024 promete ser um marco na carreira de Laura. Seu talento n\u00e3o passou despercebido por profissionais do mercado musical, e o interesse por seu trabalho tem crescido rapidamente. Com o apoio certo, a jovem cantora tem tudo para se consolidar como um dos grandes nomes da m\u00fasica sertaneja no Brasil, trazendo um frescor e uma nova energia ao g\u00eanero.<\/p>\n\n\n\n<p>Laura Kalil \u00e9, sem d\u00favida, um nome para se ficar de olho nos pr\u00f3ximos anos. Sua jornada mal come\u00e7ou, mas o futuro j\u00e1 brilha intensamente em seu horizonte. Aguardamos ansiosos por mais sucessos dessa jovem artista que promete conquistar ainda mais cora\u00e7\u00f5es no Brasil e, quem&nbsp;sabe,&nbsp;no&nbsp;mundo.<\/p>\n","protected":false},"excerpt":{"rendered":"<p>A jovem Laura Kalil Felizardo, de 16 anos, est\u00e1 despontando como uma das grandes promessas da m\u00fasica sertaneja teen no Brasil. Natural de Campina Grande do Sul, Paran\u00e1, e atualmente residindo em Campo Magro, tamb\u00e9m no Paran\u00e1, Laura vem encantando o p\u00fablico brasileiro com sua voz poderosa e presen\u00e7a de palco marcante. Dona de uma [&hellip;]<\/p>\n","protected":false},"author":1,"featured_media":3187,"comment_status":"open","ping_status":"open","sticky":false,"template":"","format":"standard","meta":{"footnotes":""},"categories":[27],"tags":[],"class_list":["post-3186","post","type-post","status-publish","format-standard","has-post-thumbnail","hentry","category-musica"],"_links":{"self":[{"href":"https:\/\/diarioparanaense.com\/index.php?rest_route=\/wp\/v2\/posts\/3186","targetHints":{"allow":["GET"]}}],"collection":[{"href":"https:\/\/diarioparanaense.com\/index.php?rest_route=\/wp\/v2\/posts"}],"about":[{"href":"https:\/\/diarioparanaense.com\/index.php?rest_route=\/wp\/v2\/types\/post"}],"author":[{"embeddable":true,"href":"https:\/\/diarioparanaense.com\/index.php?rest_route=\/wp\/v2\/users\/1"}],"replies":[{"embeddable":true,"href":"https:\/\/diarioparanaense.com\/index.php?rest_route=%2Fwp%2Fv2%2Fcomments&post=3186"}],"version-history":[{"count":1,"href":"https:\/\/diarioparanaense.com\/index.php?rest_route=\/wp\/v2\/posts\/3186\/revisions"}],"predecessor-version":[{"id":3188,"href":"https:\/\/diarioparanaense.com\/index.php?rest_route=\/wp\/v2\/posts\/3186\/revisions\/3188"}],"wp:featuredmedia":[{"embeddable":true,"href":"https:\/\/diarioparanaense.com\/index.php?rest_route=\/wp\/v2\/media\/3187"}],"wp:attachment":[{"href":"https:\/\/diarioparanaense.com\/index.php?rest_route=%2Fwp%2Fv2%2Fmedia&parent=3186"}],"wp:term":[{"taxonomy":"category","embeddable":true,"href":"https:\/\/diarioparanaense.com\/index.php?rest_route=%2Fwp%2Fv2%2Fcategories&post=3186"},{"taxonomy":"post_tag","embeddable":true,"href":"https:\/\/diarioparanaense.com\/index.php?rest_route=%2Fwp%2Fv2%2Ftags&post=3186"}],"curies":[{"name":"wp","href":"https:\/\/api.w.org\/{rel}","templated":true}]}}