{"id":3178,"date":"2024-08-16T15:16:06","date_gmt":"2024-08-16T18:16:06","guid":{"rendered":"https:\/\/diarioparanaense.com\/?p=3178"},"modified":"2024-08-16T15:20:38","modified_gmt":"2024-08-16T18:20:38","slug":"lgpd-confira-tres-solucoes-indispensaveis-para-garantir-a-protecao-de-dados-de-clientes-e-colaboradores","status":"publish","type":"post","link":"https:\/\/diarioparanaense.com\/?p=3178","title":{"rendered":"LGPD: confira tr\u00eas solu\u00e7\u00f5es indispens\u00e1veis para garantir a prote\u00e7\u00e3o de dados de clientes e colaboradores"},"content":{"rendered":"\n<p class=\"has-medium-font-size\">Especialista alerta sobre os riscos que as empresas correm no ambiente virtual e de que forma ampliar a seguran\u00e7a para se adequar \u00e0 lei Geral de Prote\u00e7\u00e3o de Dados<\/p>\n\n\n\n<p>Seis anos ap\u00f3s a edi\u00e7\u00e3o da Lei Geral de Prote\u00e7\u00e3o de Dados (LGPD), sancionada em agosto de 2018 e em vigor desde setembro de 2020, muitas empresas ainda desconhecem as obriga\u00e7\u00f5es que t\u00eam com o tratamento e sigilo das informa\u00e7\u00f5es de seus clientes e colaboradores e acabam negligenciando a prote\u00e7\u00e3o de suas redes no ambiente virtual. O alerta \u00e9 do especialista em ciberseguran\u00e7a F\u00e1bio Fukushima, diretor da L8 Security, empresa especializada em seguran\u00e7a da informa\u00e7\u00e3o.<\/p>\n\n\n\n<p>\u201cQuando se fala em ciberseguran\u00e7a temos um universo bastante diverso, com empresas em diferentes graus de maturidade e que apresentam demandas espec\u00edficas para a prote\u00e7\u00e3o de dados. Por outro lado, a LGPD se aplica a todas as empresas, independentemente do porte ou ramo de atua\u00e7\u00e3o, e isso requer uma aten\u00e7\u00e3o especial dos gestores para que possam agir de modo preventivo para evitar que os vazamentos de dados ocorram\u201d, destaca F\u00e1bio Fukushima.<\/p>\n\n\n\n<p>Ele explica que cada caso deve ser analisado de forma individual, a fim de identificar quais as tecnologias dispon\u00edveis no mercado que mais se adequam \u00e0s necessidades da empresa. Por\u00e9m, existem algumas solu\u00e7\u00f5es que podem garantir uma seguran\u00e7a m\u00ednima para a rede corporativa de um modo geral. Confira as tr\u00eas principais, na avalia\u00e7\u00e3o do especialista:<\/p>\n\n\n\n<p><strong>1 \u2013 Firewall<br><\/strong>Este \u00e9 o primeiro dispositivo que qualquer empresa deve ter para a prote\u00e7\u00e3o da rede. Por meio do firewall \u00e9 poss\u00edvel monitorar e controlar o acesso dos usu\u00e1rios \u00e0 rede e proteger os dados sens\u00edveis de clientes e colaboradores. Al\u00e9m da prote\u00e7\u00e3o, o firewall tamb\u00e9m registra quem acessou cada informa\u00e7\u00e3o, ajudando a identificar os respons\u00e1veis em casos de vazamentos de dados.<\/p>\n\n\n\n<p><strong>2 \u2013 Cofre de Senhas<br><\/strong>Uma vez garantida a seguran\u00e7a da rede \u00e9 preciso pensar na prote\u00e7\u00e3o das senhas de acesso dos colaboradores, principalmente para os casos de acessos remotos em dispositivos m\u00f3veis. Com o cofre de senhas, todo o acesso \u00e0 rede \u00e9 mediado pelo programa que gera as senhas de modo aleat\u00f3rio informando o usu\u00e1rio a cada acesso. Assim, nem mesmo o propriet\u00e1rio da conta saber\u00e1 qual a sua senha, garantindo a integridade das informa\u00e7\u00f5es dispon\u00edveis na rede e controlando o acesso a informa\u00e7\u00f5es privilegiadas da companhia.<\/p>\n\n\n\n<p><strong>3 \u2013 Testes de vulnerabilidade<br><\/strong>Para acompanhar as mudan\u00e7as no mundo cibern\u00e9tico \u00e9 preciso testar periodicamente se as barreiras de prote\u00e7\u00e3o instaladas na rede est\u00e3o funcionando adequadamente e uma das maneiras \u00e9 testando a vulnerabilidade da rede, por meio de testes de penetra\u00e7\u00e3o ou testes de intrus\u00e3o. Para isso existem solu\u00e7\u00f5es espec\u00edficas no mercado que rastreiam a rede e identificam poss\u00edveis vulnerabilidades que poderiam ser usadas por cibercriminosos e causar preju\u00edzos \u00e0 corpora\u00e7\u00e3o.<\/p>\n\n\n\n<p>\u201cA \u00e1rea de ciberseguran\u00e7a \u00e9 muito din\u00e2mica e a cada dia novas amea\u00e7as virtuais s\u00e3o criadas pelos criminosos, o que exige uma atualiza\u00e7\u00e3o constante dos profissionais do setor. Por mais que a empresa tenha ferramentas de seguran\u00e7a da informa\u00e7\u00e3o \u00e9 preciso estar sempre atento aos updates dispon\u00edveis para os softwares e acompanhando as novidades no mercado. Por isso, contar com uma equipe especializada em seguran\u00e7a da informa\u00e7\u00e3o \u00e9 fundamental, independentemente do tamanho da empresa\u201d, destaca Leandro Kuhn, CEO da L8 Group.<\/p>\n\n\n\n<p>O Brasil \u00e9 um dos pa\u00edses mais visados pelos cibercriminosos do mundo e somente no primeiro trimestre deste ano, o volume de ataques no ambiente digital cresceu 38% no pa\u00eds, segundo relat\u00f3rio divulgado pela Check Point Research. A Lei Geral de Prote\u00e7\u00e3o de Dados determina a responsabiliza\u00e7\u00e3o das empresas pelo tratamento, armazenamento e compartilhamento de informa\u00e7\u00f5es sens\u00edveis de pessoas f\u00edsicas e jur\u00eddicas. As penalidades v\u00e3o desde advert\u00eancia e multas (que podem chegar a R$50 milh\u00f5es), at\u00e9 a publiciza\u00e7\u00e3o da infra\u00e7\u00e3o e suspens\u00e3o parcial ou bloqueio da base de dados.<\/p>\n\n\n\n<p><strong>Sobre a L8<br><\/strong>Fundado em 2014, o Grupo L8 \u00e9 formado pela L8 Security, especializada em solu\u00e7\u00f5es para seguran\u00e7a da informa\u00e7\u00e3o; pela L8 Energy, que atua na industrializa\u00e7\u00e3o e distribui\u00e7\u00e3o de sistemas fotovoltaicos; e pela L8 GROUP, holding operacional do grupo que atua com foco em Telecomunica\u00e7\u00f5es e Seguran\u00e7a Eletr\u00f4nica. Com a miss\u00e3o de facilitar e otimizar a utiliza\u00e7\u00e3o de tecnologias diferenciadas, oferecendo solu\u00e7\u00f5es com valor agregado aos clientes, o grupo preza por inova\u00e7\u00e3o e materiais de qualidade, tornando-se refer\u00eancia no mercado brasileiro.\u00a0www.l8group.net<\/p>\n","protected":false},"excerpt":{"rendered":"<p>Especialista alerta sobre os riscos que as empresas correm no ambiente virtual e de que forma ampliar a seguran\u00e7a para se adequar \u00e0 lei Geral de Prote\u00e7\u00e3o de Dados Seis anos ap\u00f3s a edi\u00e7\u00e3o da Lei Geral de Prote\u00e7\u00e3o de Dados (LGPD), sancionada em agosto de 2018 e em vigor desde setembro de 2020, muitas [&hellip;]<\/p>\n","protected":false},"author":1,"featured_media":3179,"comment_status":"open","ping_status":"open","sticky":false,"template":"","format":"standard","meta":{"footnotes":""},"categories":[29],"tags":[],"class_list":["post-3178","post","type-post","status-publish","format-standard","has-post-thumbnail","hentry","category-artigos"],"_links":{"self":[{"href":"https:\/\/diarioparanaense.com\/index.php?rest_route=\/wp\/v2\/posts\/3178","targetHints":{"allow":["GET"]}}],"collection":[{"href":"https:\/\/diarioparanaense.com\/index.php?rest_route=\/wp\/v2\/posts"}],"about":[{"href":"https:\/\/diarioparanaense.com\/index.php?rest_route=\/wp\/v2\/types\/post"}],"author":[{"embeddable":true,"href":"https:\/\/diarioparanaense.com\/index.php?rest_route=\/wp\/v2\/users\/1"}],"replies":[{"embeddable":true,"href":"https:\/\/diarioparanaense.com\/index.php?rest_route=%2Fwp%2Fv2%2Fcomments&post=3178"}],"version-history":[{"count":1,"href":"https:\/\/diarioparanaense.com\/index.php?rest_route=\/wp\/v2\/posts\/3178\/revisions"}],"predecessor-version":[{"id":3180,"href":"https:\/\/diarioparanaense.com\/index.php?rest_route=\/wp\/v2\/posts\/3178\/revisions\/3180"}],"wp:featuredmedia":[{"embeddable":true,"href":"https:\/\/diarioparanaense.com\/index.php?rest_route=\/wp\/v2\/media\/3179"}],"wp:attachment":[{"href":"https:\/\/diarioparanaense.com\/index.php?rest_route=%2Fwp%2Fv2%2Fmedia&parent=3178"}],"wp:term":[{"taxonomy":"category","embeddable":true,"href":"https:\/\/diarioparanaense.com\/index.php?rest_route=%2Fwp%2Fv2%2Fcategories&post=3178"},{"taxonomy":"post_tag","embeddable":true,"href":"https:\/\/diarioparanaense.com\/index.php?rest_route=%2Fwp%2Fv2%2Ftags&post=3178"}],"curies":[{"name":"wp","href":"https:\/\/api.w.org\/{rel}","templated":true}]}}