{"id":3177,"date":"2024-08-16T15:17:57","date_gmt":"2024-08-16T18:17:57","guid":{"rendered":"https:\/\/diarioparanaense.com\/?p=3177"},"modified":"2024-08-16T15:17:57","modified_gmt":"2024-08-16T18:17:57","slug":"beatriz-werebe-traz-designer-de-joias-queridinha-de-beyonce-e-jay-z-para-o-brasil","status":"publish","type":"post","link":"https:\/\/diarioparanaense.com\/?p=3177","title":{"rendered":"Beatriz Werebe traz designer de joias queridinha de Beyonc\u00e9 e Jay-Z para o Brasil"},"content":{"rendered":"\n<p class=\"has-medium-font-size\">A marca anuncia data para Ferragosto, evento que apresenta novos designers e cole\u00e7\u00f5es<\/p>\n\n\n\n<p>A joalheria Beatriz Werebe, reconhecida por sua curadoria selecionada de designers do mundo todo, anuncia a pr\u00f3xima edi\u00e7\u00e3o do evento mais importante do ano para a marca, seu tradicional Ferragosto, que traz no nome e refer\u00eancia ao famoso feriado italiano. O evento ser\u00e1 realizado nos dias 21, 22 e 24 de agosto, e contar\u00e1 com a apresenta\u00e7\u00e3o de novos designers que integrar\u00e3o o portf\u00f3lio da marca, inclusive a designer por tr\u00e1s de j\u00f3ias usadas pelo casal Beyonc\u00e9 e Jay-Z, al\u00e9m de outros talentos do mercado e suas cole\u00e7\u00f5es exclusivas.<\/p>\n\n\n\n<p>Voltada para mulheres modernas e antenadas nas tend\u00eancias, a joalheira multimarcas Beatriz Werebe, fundada h\u00e1 14 anos, se tornou refer\u00eancia por trazer \u00e0 luz o conceito de \u201cfun jewelry\u201d. As marcas presentes em seu portf\u00f3lio contam principalmente com designers internacionais como Carolina Bucci, Bea Bongiasca, Yeprem, DEZSO by Sara Beltr\u00e1n, entre outras, sendo essa, portanto, a grande import\u00e2ncia do evento Ferragosto da Beatriz Werebe, que d\u00e1 nome ao acontecimento anual em que a marca apresenta novos designers que passar\u00e3o a agregar seu portfolio.<\/p>\n\n\n\n<p>O evento \u00e9 aguardado com grande expectativa tanto pelas clientes e amigas da marca quanto pelo mercado de joias. Este ano, a marca traz como destaque novos designers como Yvonne L\u00e9on, e a nova cole\u00e7\u00e3o do designer Yeprem, que est\u00e1 presente na sele\u00e7\u00e3o de lojas internacionais como Bergdorf Goodman, sendo Beatriz Werebe sua representante exclusiva no Brasil. Marie Lichtenberg, designer francesa, conhecida por suas cria\u00e7\u00f5es para artistas renomados, incluindo Jay-Z e Beyonc\u00e9. Yvonne L\u00e9on, tamb\u00e9m francesa, e Yeprem, designer liban\u00eas, completam o trio de talentos que prometem trazer uma nova perspectiva para o portf\u00f3lio da Beatriz Werebe.<\/p>\n\n\n\n<p>Recentemente, Beatriz Werebe deu seu primeiro passo rumo \u00e0 internacionaliza\u00e7\u00e3o e expans\u00e3o da marca, com a inaugura\u00e7\u00e3o da shop-in-shop em Capri, na ic\u00f4nica Via Fuorlovado, a poucos passos de marcas como Chanel, Dior e Bottega. A escolha de Capri foi proposital, uma vez que a inaugura\u00e7\u00e3o coincidiu com o lan\u00e7amento da cole\u00e7\u00e3o Natural Stones, que teve a ilha como principal fonte de inspira\u00e7\u00e3o. O momento tamb\u00e9m serviu como um \u201cesquenta&#8221; para o que estava por vir, o Ferragosto e a chegada dessa cole\u00e7\u00e3o no Brasil.<\/p>\n\n\n\n<p>O evento Ferragosto de Beatriz Werebe \u00e9 aberto ao p\u00fablico e acontecer\u00e1 durante os dias 21, 22 e 24 de agosto na loja da marca. Complementando o momento, o evento tem como tem\u00e1tica este ano, \u201cFerragosto Edizioni Capri\u201d, e contar\u00e1 com o chef Alessandro, do restaurante Ang\u00e9lica Capri, para assinar o menu do evento trazendo a tradicional mesa de doces caprese. Al\u00e9m disso, a marca oferece uma verdadeira experi\u00eancia na Costa Amalfitana, retratando o universo de Capri em suas vitrines da Flagship.<\/p>\n\n\n\n<p>Sobre a marca:<\/p>\n\n\n\n<p>A multimarcas de joias Beatriz Werebe \u00e9 voltada para mulheres modernas, independentes e antenadas na moda. Acreditando que o universo da joalheria n\u00e3o precisa ser t\u00e3o s\u00e9rio e tradicional, a marca nasceu para quebrar esse estere\u00f3tipo e cresceu focando no styling de looks por meio de uma experi\u00eancia disruptiva, divertida, moderna e democr\u00e1tica.<\/p>\n","protected":false},"excerpt":{"rendered":"<p>A marca anuncia data para Ferragosto, evento que apresenta novos designers e cole\u00e7\u00f5es A joalheria Beatriz Werebe, reconhecida por sua curadoria selecionada de designers do mundo todo, anuncia a pr\u00f3xima edi\u00e7\u00e3o do evento mais importante do ano para a marca, seu tradicional Ferragosto, que traz no nome e refer\u00eancia ao famoso feriado italiano. O evento [&hellip;]<\/p>\n","protected":false},"author":1,"featured_media":3181,"comment_status":"open","ping_status":"open","sticky":false,"template":"","format":"standard","meta":{"footnotes":""},"categories":[29],"tags":[],"class_list":["post-3177","post","type-post","status-publish","format-standard","has-post-thumbnail","hentry","category-artigos"],"_links":{"self":[{"href":"https:\/\/diarioparanaense.com\/index.php?rest_route=\/wp\/v2\/posts\/3177","targetHints":{"allow":["GET"]}}],"collection":[{"href":"https:\/\/diarioparanaense.com\/index.php?rest_route=\/wp\/v2\/posts"}],"about":[{"href":"https:\/\/diarioparanaense.com\/index.php?rest_route=\/wp\/v2\/types\/post"}],"author":[{"embeddable":true,"href":"https:\/\/diarioparanaense.com\/index.php?rest_route=\/wp\/v2\/users\/1"}],"replies":[{"embeddable":true,"href":"https:\/\/diarioparanaense.com\/index.php?rest_route=%2Fwp%2Fv2%2Fcomments&post=3177"}],"version-history":[{"count":1,"href":"https:\/\/diarioparanaense.com\/index.php?rest_route=\/wp\/v2\/posts\/3177\/revisions"}],"predecessor-version":[{"id":3182,"href":"https:\/\/diarioparanaense.com\/index.php?rest_route=\/wp\/v2\/posts\/3177\/revisions\/3182"}],"wp:featuredmedia":[{"embeddable":true,"href":"https:\/\/diarioparanaense.com\/index.php?rest_route=\/wp\/v2\/media\/3181"}],"wp:attachment":[{"href":"https:\/\/diarioparanaense.com\/index.php?rest_route=%2Fwp%2Fv2%2Fmedia&parent=3177"}],"wp:term":[{"taxonomy":"category","embeddable":true,"href":"https:\/\/diarioparanaense.com\/index.php?rest_route=%2Fwp%2Fv2%2Fcategories&post=3177"},{"taxonomy":"post_tag","embeddable":true,"href":"https:\/\/diarioparanaense.com\/index.php?rest_route=%2Fwp%2Fv2%2Ftags&post=3177"}],"curies":[{"name":"wp","href":"https:\/\/api.w.org\/{rel}","templated":true}]}}