{"id":3169,"date":"2024-08-15T15:55:05","date_gmt":"2024-08-15T18:55:05","guid":{"rendered":"https:\/\/diarioparanaense.com\/?p=3169"},"modified":"2024-08-15T15:55:06","modified_gmt":"2024-08-15T18:55:06","slug":"sinepe-pr-lanca-manual-para-fortalecer-educacao-inclusiva","status":"publish","type":"post","link":"https:\/\/diarioparanaense.com\/?p=3169","title":{"rendered":"Sinepe\/PR lan\u00e7a manual para fortalecer educa\u00e7\u00e3o inclusiva"},"content":{"rendered":"\n<p class=\"has-medium-font-size\">Iniciativa busca oferecer diretrizes pr\u00e1ticas para a promo\u00e7\u00e3o da diversidade e equidade nas escolas<\/p>\n\n\n\n<p>Desde o lan\u00e7amento da 1\u00aa edi\u00e7\u00e3o do Manual de Orienta\u00e7\u00f5es \u201cTodos Juntos por uma Educa\u00e7\u00e3o Inclusiva\u201d em 2016, novas emendas na legisla\u00e7\u00e3o e questionamentos sobre a inclus\u00e3o no ambiente escolar surgiram. Para abordar essas quest\u00f5es, o Sindicato das Escolas Particulares (Sinepe\/PR) lan\u00e7ar\u00e1 a 2\u00aa edi\u00e7\u00e3o do Manual no dia 19 de agosto (segunda-feira), das 11h \u00e0s 12h, no audit\u00f3rio do sindicato.<\/p>\n\n\n\n<p>De acordo com a professora Naura Nanci Muniz, membro da Comiss\u00e3o de Inclus\u00e3o do Sinepe\/PR, todo estudante tem direito \u00e0 educa\u00e7\u00e3o, e \u00e9 fundamental garantir um ambiente acolhedor e equitativo. \u201cDesde 2016, muitas mudan\u00e7as ocorreram, e a publica\u00e7\u00e3o, no final de 2023, de dois pareceres do Conselho Nacional de Educa\u00e7\u00e3o (CNE) \u2014 um sobre o atendimento a estudantes com espectro autista (Parecer 50) e outro sobre superdota\u00e7\u00e3o (Parecer 51) \u2014 gerou novos questionamentos sobre a inclus\u00e3o nas escolas\u201d, observa.<\/p>\n\n\n\n<p>\u00c9 comum que gestores educacionais tenham d\u00favidas sobre como implementar as a\u00e7\u00f5es necess\u00e1rias. Com isso em mente, a 2\u00aa edi\u00e7\u00e3o do Manual busca oferecer diretrizes pr\u00e1ticas que respondam a esses questionamentos, trazendo mais aprofundamento e detalhes para facilitar a atua\u00e7\u00e3o das escolas e garantir um atendimento adequado a todos os alunos.<\/p>\n\n\n\n<p>\u201cA inclus\u00e3o na educa\u00e7\u00e3o \u00e9 um princ\u00edpio fundamental para a constru\u00e7\u00e3o de uma sociedade mais justa. Ter um manual de orienta\u00e7\u00f5es serve como uma ferramenta para educadores, gestores e todos os envolvidos no processo educativo, fornecendo diretrizes claras sobre como implementar pr\u00e1ticas inclusivas no dia a dia escolar\u201d, afirma o presidente do Sinepe\/PR, S\u00e9rgio Herrero Moraes.<\/p>\n\n\n\n<p>No dia seguinte ao lan\u00e7amento, o Sinepe\/PR distribuir\u00e1 o material para todas as escolas associadas e disponibilizar\u00e1 o eBook no site do sindicato para todos que desejarem acess\u00e1-lo. \u201cEmbora o p\u00fablico-alvo sejam as escolas associadas ao Sinepe\/PR, n\u00e3o h\u00e1 impedimento para que outras institui\u00e7\u00f5es tamb\u00e9m possam aproveitar o conte\u00fado. Por isso, o manual ser\u00e1 de dom\u00ednio p\u00fablico, representando uma contribui\u00e7\u00e3o do Sinepe para a sociedade\u201d, afirma Naura.<\/p>\n\n\n\n<p><strong>Servi\u00e7o<\/strong>:<\/p>\n\n\n\n<p>A partir do dia 20 de agosto, o eBook estar\u00e1 dispon\u00edvel em: <a href=\"http:\/\/www.sinepepr.org.br\/\">http:\/\/www.sinepepr.org.br\/<\/a><\/p>\n\n\n\n<p><\/p>\n","protected":false},"excerpt":{"rendered":"<p>Iniciativa busca oferecer diretrizes pr\u00e1ticas para a promo\u00e7\u00e3o da diversidade e equidade nas escolas Desde o lan\u00e7amento da 1\u00aa edi\u00e7\u00e3o do Manual de Orienta\u00e7\u00f5es \u201cTodos Juntos por uma Educa\u00e7\u00e3o Inclusiva\u201d em 2016, novas emendas na legisla\u00e7\u00e3o e questionamentos sobre a inclus\u00e3o no ambiente escolar surgiram. Para abordar essas quest\u00f5es, o Sindicato das Escolas Particulares (Sinepe\/PR) [&hellip;]<\/p>\n","protected":false},"author":1,"featured_media":3170,"comment_status":"open","ping_status":"open","sticky":false,"template":"","format":"standard","meta":{"footnotes":""},"categories":[186],"tags":[],"class_list":["post-3169","post","type-post","status-publish","format-standard","has-post-thumbnail","hentry","category-eventos"],"_links":{"self":[{"href":"https:\/\/diarioparanaense.com\/index.php?rest_route=\/wp\/v2\/posts\/3169","targetHints":{"allow":["GET"]}}],"collection":[{"href":"https:\/\/diarioparanaense.com\/index.php?rest_route=\/wp\/v2\/posts"}],"about":[{"href":"https:\/\/diarioparanaense.com\/index.php?rest_route=\/wp\/v2\/types\/post"}],"author":[{"embeddable":true,"href":"https:\/\/diarioparanaense.com\/index.php?rest_route=\/wp\/v2\/users\/1"}],"replies":[{"embeddable":true,"href":"https:\/\/diarioparanaense.com\/index.php?rest_route=%2Fwp%2Fv2%2Fcomments&post=3169"}],"version-history":[{"count":1,"href":"https:\/\/diarioparanaense.com\/index.php?rest_route=\/wp\/v2\/posts\/3169\/revisions"}],"predecessor-version":[{"id":3171,"href":"https:\/\/diarioparanaense.com\/index.php?rest_route=\/wp\/v2\/posts\/3169\/revisions\/3171"}],"wp:featuredmedia":[{"embeddable":true,"href":"https:\/\/diarioparanaense.com\/index.php?rest_route=\/wp\/v2\/media\/3170"}],"wp:attachment":[{"href":"https:\/\/diarioparanaense.com\/index.php?rest_route=%2Fwp%2Fv2%2Fmedia&parent=3169"}],"wp:term":[{"taxonomy":"category","embeddable":true,"href":"https:\/\/diarioparanaense.com\/index.php?rest_route=%2Fwp%2Fv2%2Fcategories&post=3169"},{"taxonomy":"post_tag","embeddable":true,"href":"https:\/\/diarioparanaense.com\/index.php?rest_route=%2Fwp%2Fv2%2Ftags&post=3169"}],"curies":[{"name":"wp","href":"https:\/\/api.w.org\/{rel}","templated":true}]}}