{"id":3154,"date":"2024-08-15T15:36:07","date_gmt":"2024-08-15T18:36:07","guid":{"rendered":"https:\/\/diarioparanaense.com\/?p=3154"},"modified":"2024-08-15T15:46:01","modified_gmt":"2024-08-15T18:46:01","slug":"bella-campos-enzo-celulari-anttonia-eliezer-e-isa-scherer-conferem-lancamento-da-renner-em-sao-paulo","status":"publish","type":"post","link":"https:\/\/diarioparanaense.com\/?p=3154","title":{"rendered":"Bella Campos, Enzo Celulari, Anttonia, Eliezer e Isa Scherer conferem lan\u00e7amento da Renner em S\u00e3o Paulo"},"content":{"rendered":"\n<p class=\"has-medium-font-size\">Nesta quarta-feira (14), a Lojas Renner recebeu influenciadores e formadores de opini\u00e3o para mostrar seu preview de Primavera Ver\u00e3o na Casa Fares, em S\u00e3o Paulo.<\/p>\n\n\n\n<p>Com a presen\u00e7a das atrizes Bella Campos e Livia Silva, e dos influenciadores Enzo Celulari, Anttonia, Mateus Verdelho e Shantal, Isa Scherer e Paty de Jesus, o evento celebrou o lan\u00e7amento da cole\u00e7\u00e3o de Primavera Ver\u00e3o da marca, intitulada \u2018Desfile sua Ess\u00eancia\u2019.<\/p>\n\n\n\n<p>Prestigiada tamb\u00e9m por nomes como Jade Magalh\u00e3es, Eliezer, Maju de Ara\u00fajo e Catarina Tourinho, a tarde contou com customiza\u00e7\u00e3o de ecobags feitas pelo ilustrador carioca Filipe Jardim.<\/p>\n\n\n\n<p>A cole\u00e7\u00e3o Primavera Ver\u00e3o j\u00e1 est\u00e1 dispon\u00edvel nas lojas f\u00edsicas, site e aplicativo da marca. <a href=\"https:\/\/www.lojasrenner.com.br\/\">https:\/\/www.lojasrenner.com.br\/<\/a><\/p>\n\n\n\n<p><strong>SOBRE RENNER<\/strong><strong><\/strong><\/p>\n\n\n\n<p>Constitu\u00edda em 1965, a Lojas Renner S.A. abriu capital em 1967 e se tornou, em 2005, a primeira corpora\u00e7\u00e3o brasileira com 100% das a\u00e7\u00f5es negociadas em bolsa. Tamb\u00e9m est\u00e1 listada no Novo Mercado, grau mais elevado dentre os n\u00edveis de governan\u00e7a corporativa da B3. Al\u00e9m de estar presente no Brasil com todas as suas marcas, a Companhia iniciou seu processo de internacionaliza\u00e7\u00e3o ao inaugurar unidades da Renner no Uruguai a partir de 2017 e na Argentina em 2019.<\/p>\n","protected":false},"excerpt":{"rendered":"<p>Nesta quarta-feira (14), a Lojas Renner recebeu influenciadores e formadores de opini\u00e3o para mostrar seu preview de Primavera Ver\u00e3o na Casa Fares, em S\u00e3o Paulo. Com a presen\u00e7a das atrizes Bella Campos e Livia Silva, e dos influenciadores Enzo Celulari, Anttonia, Mateus Verdelho e Shantal, Isa Scherer e Paty de Jesus, o evento celebrou o [&hellip;]<\/p>\n","protected":false},"author":1,"featured_media":3155,"comment_status":"open","ping_status":"open","sticky":false,"template":"","format":"standard","meta":{"footnotes":""},"categories":[432],"tags":[],"class_list":["post-3154","post","type-post","status-publish","format-standard","has-post-thumbnail","hentry","category-moda"],"_links":{"self":[{"href":"https:\/\/diarioparanaense.com\/index.php?rest_route=\/wp\/v2\/posts\/3154","targetHints":{"allow":["GET"]}}],"collection":[{"href":"https:\/\/diarioparanaense.com\/index.php?rest_route=\/wp\/v2\/posts"}],"about":[{"href":"https:\/\/diarioparanaense.com\/index.php?rest_route=\/wp\/v2\/types\/post"}],"author":[{"embeddable":true,"href":"https:\/\/diarioparanaense.com\/index.php?rest_route=\/wp\/v2\/users\/1"}],"replies":[{"embeddable":true,"href":"https:\/\/diarioparanaense.com\/index.php?rest_route=%2Fwp%2Fv2%2Fcomments&post=3154"}],"version-history":[{"count":1,"href":"https:\/\/diarioparanaense.com\/index.php?rest_route=\/wp\/v2\/posts\/3154\/revisions"}],"predecessor-version":[{"id":3156,"href":"https:\/\/diarioparanaense.com\/index.php?rest_route=\/wp\/v2\/posts\/3154\/revisions\/3156"}],"wp:featuredmedia":[{"embeddable":true,"href":"https:\/\/diarioparanaense.com\/index.php?rest_route=\/wp\/v2\/media\/3155"}],"wp:attachment":[{"href":"https:\/\/diarioparanaense.com\/index.php?rest_route=%2Fwp%2Fv2%2Fmedia&parent=3154"}],"wp:term":[{"taxonomy":"category","embeddable":true,"href":"https:\/\/diarioparanaense.com\/index.php?rest_route=%2Fwp%2Fv2%2Fcategories&post=3154"},{"taxonomy":"post_tag","embeddable":true,"href":"https:\/\/diarioparanaense.com\/index.php?rest_route=%2Fwp%2Fv2%2Ftags&post=3154"}],"curies":[{"name":"wp","href":"https:\/\/api.w.org\/{rel}","templated":true}]}}