{"id":3138,"date":"2024-08-14T09:29:35","date_gmt":"2024-08-14T12:29:35","guid":{"rendered":"https:\/\/diarioparanaense.com\/?p=3138"},"modified":"2024-08-14T09:29:35","modified_gmt":"2024-08-14T12:29:35","slug":"pedro-lara-lanca-nova-musica-intensamente","status":"publish","type":"post","link":"https:\/\/diarioparanaense.com\/?p=3138","title":{"rendered":"Pedro Lara lan\u00e7a nova m\u00fasica &#8220;Intensamente&#8221;"},"content":{"rendered":"\n<p class=\"has-medium-font-size\">O cantor e compositor estreia o single em todas as plataformas digitais no dia 28 de agosto<\/p>\n\n\n\n<p>O cantor e compositor Pedro Lara est\u00e1 prestes a lan\u00e7ar sua nova m\u00fasica de trabalho, intitulada &#8220;Intensamente&#8221;. O single estar\u00e1 dispon\u00edvel em todas as plataformas digitais a partir do dia 28 de agosto.<\/p>\n\n\n\n<p>&#8220;Intensamente&#8221; foi escrita em dezembro de 2023, em um momento de reflex\u00e3o e renova\u00e7\u00e3o para Pedro. Ap\u00f3s um ano desafiador, mas tamb\u00e9m repleto de conquistas, o cantor decidiu celebrar seu anivers\u00e1rio em Fortaleza. Durante essa viagem, ele encontrou inspira\u00e7\u00e3o para compor a m\u00fasica, que surgiu de uma experi\u00eancia intensa e inesquec\u00edvel.<\/p>\n\n\n\n<p>&#8220;Tive um ano muito pesado e cansativo, mas tamb\u00e9m cheio de coisas boas. No meu anivers\u00e1rio, viajei para Fortaleza para passar minha virada de ciclo na praia. Foi l\u00e1 que, entre uma praia e outra, conheci uma pessoa com quem tive uma conex\u00e3o imediata. Passamos duas noites juntos, e essa experi\u00eancia se transformou em &#8216;Intensamente&#8217;, uma hist\u00f3ria de um amor de ver\u00e3o, intenso e destemido,&#8221; compartilha Pedro Lara.<\/p>\n\n\n\n<p>O clipe de &#8220;Intensamente&#8221; promete traduzir toda a energia e emo\u00e7\u00e3o dessa hist\u00f3ria, capturando a ess\u00eancia de um amor que, embora breve, foi vivido de forma plena e verdadeira. Al\u00e9m disso, a m\u00fasica \u00e9 convidativa e possui um ritmo contagiante, perfeito para estimular um trend viral nas redes sociais, engajando o p\u00fablico a compartilhar suas pr\u00f3prias hist\u00f3rias e momentos intensos.<\/p>\n\n\n\n<p>Com uma carreira em ascens\u00e3o, Pedro Lara continua a surpreender seu p\u00fablico com composi\u00e7\u00f5es aut\u00eanticas e repletas de sentimentos. &#8220;Espero que &#8216;Intensamente&#8217; toque o cora\u00e7\u00e3o das pessoas da mesma forma que essa experi\u00eancia me marcou. Mal posso esperar para compartilhar essa m\u00fasica com todos,&#8221; finaliza&nbsp;o&nbsp;cantor.<\/p>\n","protected":false},"excerpt":{"rendered":"<p>O cantor e compositor estreia o single em todas as plataformas digitais no dia 28 de agosto O cantor e compositor Pedro Lara est\u00e1 prestes a lan\u00e7ar sua nova m\u00fasica de trabalho, intitulada &#8220;Intensamente&#8221;. O single estar\u00e1 dispon\u00edvel em todas as plataformas digitais a partir do dia 28 de agosto. &#8220;Intensamente&#8221; foi escrita em dezembro [&hellip;]<\/p>\n","protected":false},"author":1,"featured_media":3139,"comment_status":"open","ping_status":"open","sticky":false,"template":"","format":"standard","meta":{"footnotes":""},"categories":[27],"tags":[],"class_list":["post-3138","post","type-post","status-publish","format-standard","has-post-thumbnail","hentry","category-musica"],"_links":{"self":[{"href":"https:\/\/diarioparanaense.com\/index.php?rest_route=\/wp\/v2\/posts\/3138","targetHints":{"allow":["GET"]}}],"collection":[{"href":"https:\/\/diarioparanaense.com\/index.php?rest_route=\/wp\/v2\/posts"}],"about":[{"href":"https:\/\/diarioparanaense.com\/index.php?rest_route=\/wp\/v2\/types\/post"}],"author":[{"embeddable":true,"href":"https:\/\/diarioparanaense.com\/index.php?rest_route=\/wp\/v2\/users\/1"}],"replies":[{"embeddable":true,"href":"https:\/\/diarioparanaense.com\/index.php?rest_route=%2Fwp%2Fv2%2Fcomments&post=3138"}],"version-history":[{"count":1,"href":"https:\/\/diarioparanaense.com\/index.php?rest_route=\/wp\/v2\/posts\/3138\/revisions"}],"predecessor-version":[{"id":3140,"href":"https:\/\/diarioparanaense.com\/index.php?rest_route=\/wp\/v2\/posts\/3138\/revisions\/3140"}],"wp:featuredmedia":[{"embeddable":true,"href":"https:\/\/diarioparanaense.com\/index.php?rest_route=\/wp\/v2\/media\/3139"}],"wp:attachment":[{"href":"https:\/\/diarioparanaense.com\/index.php?rest_route=%2Fwp%2Fv2%2Fmedia&parent=3138"}],"wp:term":[{"taxonomy":"category","embeddable":true,"href":"https:\/\/diarioparanaense.com\/index.php?rest_route=%2Fwp%2Fv2%2Fcategories&post=3138"},{"taxonomy":"post_tag","embeddable":true,"href":"https:\/\/diarioparanaense.com\/index.php?rest_route=%2Fwp%2Fv2%2Ftags&post=3138"}],"curies":[{"name":"wp","href":"https:\/\/api.w.org\/{rel}","templated":true}]}}