{"id":3135,"date":"2024-08-14T09:27:51","date_gmt":"2024-08-14T12:27:51","guid":{"rendered":"https:\/\/diarioparanaense.com\/?p=3135"},"modified":"2024-08-14T09:27:51","modified_gmt":"2024-08-14T12:27:51","slug":"campanha-da-castor-com-giovanna-antonelli-ja-alcancou-mais-de-10-milhoes-de-views-nas-redes-da-marca","status":"publish","type":"post","link":"https:\/\/diarioparanaense.com\/?p=3135","title":{"rendered":"Campanha da Castor com Giovanna Antonelli j\u00e1 alcan\u00e7ou mais de 10 milh\u00f5es de views nas redes da marca"},"content":{"rendered":"\n<p class=\"has-medium-font-size\">Atriz tem estrelado v\u00eddeos veiculados em todas os canais digitais oficiais da empresa, conquistando milh\u00f5es de views \u2013 e f\u00e3s<\/p>\n\n\n\n<p>A tradicional marca brasileira Colch\u00f5es Castor est\u00e1 em momento de celebra\u00e7\u00e3o com mais um marco not\u00e1vel em sua hist\u00f3ria. A recente parceria firmada com a renomada atriz Giovanna Antonelli, anunciada como nova embaixadora, n\u00e3o s\u00f3 trouxe sua imagem de confian\u00e7a e autenticidade para a Castor, como tamb\u00e9m ajudou a impulsionar as campanhas publicit\u00e1rias do neg\u00f3cio a um novo patamar de sucesso.<br>Impacto nas redes sociais<\/p>\n\n\n\n<p>Os v\u00eddeos da campanha estrelados por Giovanna j\u00e1 est\u00e3o sendo veiculados nos canais digitais oficiais da marca, como YouTube, Instagram, Facebook e TikTok, plataformas onde a atriz tamb\u00e9m possui uma forte presen\u00e7a e engajamento com o p\u00fablico.<\/p>\n\n\n\n<p>J\u00e1 s\u00e3o mais de 10 milh\u00f5es de visualiza\u00e7\u00f5es alcan\u00e7adas rapidamente, demonstrando a efici\u00eancia da colabora\u00e7\u00e3o entre Giovanna e a Colch\u00f5es Castor.<\/p>\n\n\n\n<p>O CEO da empresa, Helio Silva, expressou sua satisfa\u00e7\u00e3o com os resultados iniciais. \u201cEla \u00e9 uma atriz muito querida pelo p\u00fablico, com uma imagem que transmite confian\u00e7a e autenticidade, atributos alinhados aos valores da Castor\u201d, analisa.<\/p>\n\n\n\n<p>De fato, a escolha de Giovanna Antonelli se mostrou acertada, fortalecendo ainda mais a imagem da marca no mercado. \u201cA receptividade do p\u00fablico tem sido incr\u00edvel. S\u00e3o diversos os coment\u00e1rios de f\u00e3s da marca e f\u00e3s da Giovanna pelo Brasil todo\u201d, diz Silva.<\/p>\n\n\n\n<p>A presen\u00e7a de Giovanna Antonelli nas campanhas da Colch\u00f5es Castor est\u00e1 programada para continuar ao longo deste e do pr\u00f3ximo ano, com diversas a\u00e7\u00f5es planejadas especialmente para os meios digitais. A estrat\u00e9gia visa n\u00e3o apenas aumentar a visibilidade da marca, mas tamb\u00e9m solidificar seu posicionamento de lideran\u00e7a no mercado.<\/p>\n\n\n\n<p class=\"has-medium-font-size\">Sobre a Colch\u00f5es Castor<\/p>\n\n\n\n<p>Fundada em 1962, a Colch\u00f5es Castor come\u00e7ou como uma pequena empresa familiar em Ourinhos, interior de S\u00e3o Paulo. Ao longo dos anos, expandiu sua opera\u00e7\u00e3o e se tornou uma das l\u00edderes no mercado brasileiro de colch\u00f5es, sendo reconhecida pela qualidade e inova\u00e7\u00e3o de seus produtos. Saiba mais em colchoescastor.com.br<\/p>\n","protected":false},"excerpt":{"rendered":"<p>Atriz tem estrelado v\u00eddeos veiculados em todas os canais digitais oficiais da empresa, conquistando milh\u00f5es de views \u2013 e f\u00e3s A tradicional marca brasileira Colch\u00f5es Castor est\u00e1 em momento de celebra\u00e7\u00e3o com mais um marco not\u00e1vel em sua hist\u00f3ria. A recente parceria firmada com a renomada atriz Giovanna Antonelli, anunciada como nova embaixadora, n\u00e3o s\u00f3 [&hellip;]<\/p>\n","protected":false},"author":1,"featured_media":3136,"comment_status":"open","ping_status":"open","sticky":false,"template":"","format":"standard","meta":{"footnotes":""},"categories":[324],"tags":[],"class_list":["post-3135","post","type-post","status-publish","format-standard","has-post-thumbnail","hentry","category-negocios"],"_links":{"self":[{"href":"https:\/\/diarioparanaense.com\/index.php?rest_route=\/wp\/v2\/posts\/3135","targetHints":{"allow":["GET"]}}],"collection":[{"href":"https:\/\/diarioparanaense.com\/index.php?rest_route=\/wp\/v2\/posts"}],"about":[{"href":"https:\/\/diarioparanaense.com\/index.php?rest_route=\/wp\/v2\/types\/post"}],"author":[{"embeddable":true,"href":"https:\/\/diarioparanaense.com\/index.php?rest_route=\/wp\/v2\/users\/1"}],"replies":[{"embeddable":true,"href":"https:\/\/diarioparanaense.com\/index.php?rest_route=%2Fwp%2Fv2%2Fcomments&post=3135"}],"version-history":[{"count":1,"href":"https:\/\/diarioparanaense.com\/index.php?rest_route=\/wp\/v2\/posts\/3135\/revisions"}],"predecessor-version":[{"id":3137,"href":"https:\/\/diarioparanaense.com\/index.php?rest_route=\/wp\/v2\/posts\/3135\/revisions\/3137"}],"wp:featuredmedia":[{"embeddable":true,"href":"https:\/\/diarioparanaense.com\/index.php?rest_route=\/wp\/v2\/media\/3136"}],"wp:attachment":[{"href":"https:\/\/diarioparanaense.com\/index.php?rest_route=%2Fwp%2Fv2%2Fmedia&parent=3135"}],"wp:term":[{"taxonomy":"category","embeddable":true,"href":"https:\/\/diarioparanaense.com\/index.php?rest_route=%2Fwp%2Fv2%2Fcategories&post=3135"},{"taxonomy":"post_tag","embeddable":true,"href":"https:\/\/diarioparanaense.com\/index.php?rest_route=%2Fwp%2Fv2%2Ftags&post=3135"}],"curies":[{"name":"wp","href":"https:\/\/api.w.org\/{rel}","templated":true}]}}