{"id":3127,"date":"2024-08-13T16:46:05","date_gmt":"2024-08-13T19:46:05","guid":{"rendered":"https:\/\/diarioparanaense.com\/?p=3127"},"modified":"2024-08-13T16:46:06","modified_gmt":"2024-08-13T19:46:06","slug":"feira-reciclacao-2024-encerra-com-sucesso-de-publico-expositores-e-geracao-de-negocios","status":"publish","type":"post","link":"https:\/\/diarioparanaense.com\/?p=3127","title":{"rendered":"Feira Recicla\u00e7\u00e3o 2024: Encerra com sucesso de publico, expositores e gera\u00e7\u00e3o de neg\u00f3cios"},"content":{"rendered":"\n<p class=\"has-medium-font-size\">Segunda edi\u00e7\u00e3o apresentou diversas inova\u00e7\u00f5es em sustentabilidade, equipamentos, tecnologias e servi\u00e7os<\/p>\n\n\n\n<p>A segunda edi\u00e7\u00e3o da Feira Recicla\u00e7\u00e3o, consolidou-se como um dos maiores eventos do setor de reciclagem e sustentabilidade do estado, atraindo uma ampla gama de empresas expositoras e visitantes interessados em conhecer inova\u00e7\u00f5es, lan\u00e7amentos e tecnologias ambientais. Entre os expositores, estavam empresas como Ambiflex Sistemas de Conten\u00e7\u00e3o Ambiental, Senai PR, Damaec, Alles Lixeiras a CWB Energia Solar, cada um destacando suas contribui\u00e7\u00f5es e inova\u00e7\u00f5es no campo da sustentabilidade no ambiente urbano, rural, industrial e comercial.<\/p>\n\n\n\n<p>Alguns dos participantes relataram sua experi\u00eancia. Como Guilherme, da Ambiflex Sistemas de Conten\u00e7\u00e3o Ambiental, destacou a import\u00e2ncia de participar da feira pela segunda vez consecutiva. Ele ressaltou que a empresa, que fabrica bacias de conten\u00e7\u00e3o flex\u00edveis para diversos segmentos industriais, trouxe para o Brasil um conceito inovador originado nos Estados Unidos. &#8220;A participa\u00e7\u00e3o na feira est\u00e1 sendo muito boa, percebemos um aumento na quantidade de pessoas visitando&#8221;, afirmou.<\/p>\n\n\n\n<p>Peterson, representando o Senai, enfatizou a relev\u00e2ncia de mostrar a atua\u00e7\u00e3o do Instituto de Meio Ambiente. O Senai apresentou solu\u00e7\u00f5es criativas como a transforma\u00e7\u00e3o de lodo de efluente em fertilizante e a cria\u00e7\u00e3o de biocarv\u00e3o a partir de caro\u00e7os de azeitona. Essas iniciativas n\u00e3o apenas ajudam a ind\u00fastria a lidar com res\u00edduos, mas tamb\u00e9m promovem a sustentabilidade. &#8220;Para n\u00f3s, \u00e9 muito importante, eventos como a Recicla\u00e7\u00e3o porque muitas pessoas n\u00e3o conhecem essa atua\u00e7\u00e3o do Senai no mercado e o evento proporciona esta oportunidade entre o publico fornecedor e consumidor&#8221;, disse Peterson.<\/p>\n\n\n\n<p>A Damaec tamb\u00e9m marcou presen\u00e7a na feira, trazendo seus compactadores de res\u00edduos e m\u00e1quinas para varrer ruas. Segundo os representantes da empresa, a participa\u00e7\u00e3o foi positiva, gerando muitos contatos, alavancando neg\u00f3cios e despertando interesse em neg\u00f3cios futuros. A Alles Lixeiras, por sua vez, destacou a import\u00e2ncia da reciclagem correta e viu na feira uma grande oportunidade de promover suas lixeiras para diferentes res\u00edduos, desde os gerados em resid\u00eancia, comercio, ind\u00fastria e setor p\u00fablico. O Descarte correto facilita a gest\u00e3o e reciclagem de todos os res\u00edduos<\/p>\n\n\n\n<p>Leandro Gon\u00e7alves, gerente da CWB Energia Solar, ressaltou os benef\u00edcios da energia solar para promo\u00e7\u00e3o as sustentabilidade ambiental, que pode proporcionar at\u00e9 95% de economia em custos energ\u00e9ticos, consumidos em resid\u00eancia, ind\u00fastria e com\u00e9rcio. &#8220;Hoje, muitas empresas precisam de sustentabilidade para entrar no mercado, e a energia solar contribui significativamente para isso&#8221;, explicou Leandro.<\/p>\n\n\n\n<p>A Feira Recicla\u00e7\u00e3o 2024 foi realizada como Patroc\u00ednio da SANEPAR Cia de Saneamento do Paran\u00e1, SENAI PR e CWB Energia e demonstrou ser um ponto de encontro essencial para exposi\u00e7\u00e3o e apresenta\u00e7\u00e3o de empresas fornecedores de equipamentos, tecnologias e servi\u00e7os para setor e comprometidas com a sustentabilidade e a inova\u00e7\u00e3o. Com um aumento significativo de visitantes e expositores, o evento reafirmou sua import\u00e2ncia no cen\u00e1rio ambiental, incentivando pr\u00e1ticas sustent\u00e1veis e a troca de conhecimentos entre os participantes e pretende fixar em um Curitiba um ponto de encontro anual para divulga\u00e7\u00e3o de tecnologias votadas a sustentabilidade no ambiente urbano e rural.<br>A pr\u00f3xima edi\u00e7\u00e3o j\u00e1 esta agendada para o per\u00edodo de 24 a 26 de Julho de 2025.<\/p>\n\n\n\n<p><strong>Servi\u00e7o: Recicla\u00e7\u00e3o &#8211; Feira do Meio Ambiente Industrial, ind\u00fastria da reciclagem,<br><\/strong>saneamento ambiental e energias alternativas<br>Patroc\u00ednio: SANEPAR, SENAI PR e CWB Energia<br>REALIZA\u00c7\u00c3O: Montebello Eventos<br>Contato: (41) 3203-1189 (41) 99546-0416<br>Redes Sociais: reciclacao2024<br>Site: <a href=\"https:\/\/montebelloeventos.com.br\/works\/reciclacao\/\">https:\/\/montebelloeventos.com.br\/works\/reciclacao\/<\/a><\/p>\n","protected":false},"excerpt":{"rendered":"<p>Segunda edi\u00e7\u00e3o apresentou diversas inova\u00e7\u00f5es em sustentabilidade, equipamentos, tecnologias e servi\u00e7os A segunda edi\u00e7\u00e3o da Feira Recicla\u00e7\u00e3o, consolidou-se como um dos maiores eventos do setor de reciclagem e sustentabilidade do estado, atraindo uma ampla gama de empresas expositoras e visitantes interessados em conhecer inova\u00e7\u00f5es, lan\u00e7amentos e tecnologias ambientais. Entre os expositores, estavam empresas como Ambiflex [&hellip;]<\/p>\n","protected":false},"author":1,"featured_media":3130,"comment_status":"open","ping_status":"open","sticky":false,"template":"","format":"standard","meta":{"footnotes":""},"categories":[1],"tags":[],"class_list":["post-3127","post","type-post","status-publish","format-standard","has-post-thumbnail","hentry","category-sem-categoria"],"_links":{"self":[{"href":"https:\/\/diarioparanaense.com\/index.php?rest_route=\/wp\/v2\/posts\/3127","targetHints":{"allow":["GET"]}}],"collection":[{"href":"https:\/\/diarioparanaense.com\/index.php?rest_route=\/wp\/v2\/posts"}],"about":[{"href":"https:\/\/diarioparanaense.com\/index.php?rest_route=\/wp\/v2\/types\/post"}],"author":[{"embeddable":true,"href":"https:\/\/diarioparanaense.com\/index.php?rest_route=\/wp\/v2\/users\/1"}],"replies":[{"embeddable":true,"href":"https:\/\/diarioparanaense.com\/index.php?rest_route=%2Fwp%2Fv2%2Fcomments&post=3127"}],"version-history":[{"count":1,"href":"https:\/\/diarioparanaense.com\/index.php?rest_route=\/wp\/v2\/posts\/3127\/revisions"}],"predecessor-version":[{"id":3131,"href":"https:\/\/diarioparanaense.com\/index.php?rest_route=\/wp\/v2\/posts\/3127\/revisions\/3131"}],"wp:featuredmedia":[{"embeddable":true,"href":"https:\/\/diarioparanaense.com\/index.php?rest_route=\/wp\/v2\/media\/3130"}],"wp:attachment":[{"href":"https:\/\/diarioparanaense.com\/index.php?rest_route=%2Fwp%2Fv2%2Fmedia&parent=3127"}],"wp:term":[{"taxonomy":"category","embeddable":true,"href":"https:\/\/diarioparanaense.com\/index.php?rest_route=%2Fwp%2Fv2%2Fcategories&post=3127"},{"taxonomy":"post_tag","embeddable":true,"href":"https:\/\/diarioparanaense.com\/index.php?rest_route=%2Fwp%2Fv2%2Ftags&post=3127"}],"curies":[{"name":"wp","href":"https:\/\/api.w.org\/{rel}","templated":true}]}}