{"id":3120,"date":"2024-08-12T16:42:37","date_gmt":"2024-08-12T19:42:37","guid":{"rendered":"https:\/\/diarioparanaense.com\/?p=3120"},"modified":"2024-08-12T16:42:37","modified_gmt":"2024-08-12T19:42:37","slug":"evento-focado-em-casamentos-na-grande-curitiba-chega-a-quinta-edicao-com-experiencias-diferenciadas-aos-noivos","status":"publish","type":"post","link":"https:\/\/diarioparanaense.com\/?p=3120","title":{"rendered":"Evento focado em casamentos na Grande Curitiba chega \u00e0 quinta edi\u00e7\u00e3o com experi\u00eancias diferenciadas aos noivos"},"content":{"rendered":"\n<p><em>Casamentos Fora de S\u00e9rie re\u00fane fornecedores de servi\u00e7os para festas de matrim\u00f4nio com experi\u00eancias reais e personalizadas aos noivos. Os ingressos ainda est\u00e3o \u00e0 venda.<\/em><\/p>\n\n\n\n<p>Eliz Boscardin, 34 anos, e Jo\u00e3o Aires, 36, est\u00e3o casados h\u00e1 dez anos. A organiza\u00e7\u00e3o da cerim\u00f4nia foi feita pelo pr\u00f3prio casal, o que os inspirou a investir, ap\u00f3s o matrim\u00f4nio, em neg\u00f3cios no setor de casamentos. Primeiro eles montaram a pr\u00f3pria empresa, focada em decora\u00e7\u00f5es. E foi com o pensamento em experi\u00eancias singulares aos noivos e noivas que o casal passou a organizar, em 2018, o Casamentos Fora de S\u00e9rie, evento que re\u00fane na Grande Curitiba empresas que fornecem servi\u00e7os de diferentes \u00e1reas para que os casais organizem sua festa de casamento. Neste ano, o evento chega \u00e0 quinta edi\u00e7\u00e3o, e encontro deve proporcionar aos visitantes experi\u00eancias reais e diferenciadas de como fazer as cerim\u00f4nias e pens\u00e1-las de forma diferente dos padr\u00f5es.<\/p>\n\n\n\n<p>O evento acontecer\u00e1 em duas datas: dias 18 de agosto e 1\u00b0 de setembro, ambas na Villa do Rocio, no munic\u00edpio de Almirante Tamandar\u00e9, Regi\u00e3o Metropolitana de Curitiba, pr\u00f3ximo ao bairro Santa Felicidade, na capital. Em cada um dos dias, os noivos que participarem encontrar\u00e3o diferentes fornecedores de servi\u00e7os de matrim\u00f4nio, em \u00e1reas como decora\u00e7\u00e3o, buffet, fotografia, v\u00eddeo, lembran\u00e7as, vestidos e ternos. Os ingressos ainda est\u00e3o \u00e0 venda pelo <a href=\"http:\/\/www.casamentosforadeserie.com.br\">site<\/a> do Casamentos Fora de S\u00e9rie. Cada casal que participar receber\u00e1 uma caixa com presentes da organiza\u00e7\u00e3o do encontro.<\/p>\n\n\n\n<p>Neste ano, a expectativa \u00e9 receber cerca de duzentos casais visitantes, o dobro do registrado em 2023. Depois dos problemas enfrentados durante a pandemia de Covid-19, o casal organizador est\u00e1 confiante. De 2022 para 2023, o Casamentos Fora de S\u00e9rie teve crescimento de 500%. Agora a expectativa \u00e9 continuar com avan\u00e7os. O \u00e2nimo surge tanto pelos investimentos dos respons\u00e1veis quanto pelo potencial do setor.<\/p>\n\n\n\n<p>Em 2022, segundo o Instituto Brasileiro de Geografia e Estat\u00edsticas (IBGE), o n\u00famero de matrim\u00f4nios no pa\u00eds cresceu 4%, com 970 mil uni\u00f5es, \u00edndice pr\u00f3ximo aos 1,02 milh\u00e3o registrados antes da pandemia. &#8220;O mercado de casamentos no Brasil est\u00e1 em constante ascens\u00e3o, e apesar das incertezas econ\u00f4micas, os noivos continuam a investir em suas celebra\u00e7\u00f5es&#8221;, pondera Eliz.<\/p>\n\n\n\n<p><strong>Como nasceu o evento<\/strong><\/p>\n\n\n\n<p>&#8220;Foi organizando meu casamento que percebi a paix\u00e3o que tinha por criar momentos m\u00e1gicos e memor\u00e1veis. Desde ent\u00e3o, dediquei minha carreira a ajudar casais a realizarem seus sonhos atrav\u00e9s de decora\u00e7\u00f5es \u00fanicas e personalizadas&#8221;, conta Eliz sobre sua trajet\u00f3ria no setor.<\/p>\n\n\n\n<p>Mas alguns anos depois de se consolidarem no mercado, surgiu a ideia de expandir a atua\u00e7\u00e3o para organizar um evento que pudesse levar aos noivos op\u00e7\u00f5es de servi\u00e7o selecionadas para as festas de casamento. Para o casal, essa seria uma forma de aproximar fornecedores dos noivos. Mas o casal queria algo al\u00e9m de uma feira e investiu em experi\u00eancias. \u201cA ideia do nome \u2018Casamentos Fora de S\u00e9rie\u2019 surgiu da express\u00e3o \u2018produ\u00e7\u00e3o em s\u00e9rie\u2019, na qual todos os casamentos s\u00e3o muito parecidos, com decora\u00e7\u00f5es padr\u00f5es\u201d, comenta Eliz.<\/p>\n\n\n\n<p>Com esse pensamento, ela e o esposo decidiram reunir em um mesmo evento empresas interessadas em oferecer servi\u00e7os fora dos padr\u00f5es para criar festas diferenciadas aos futuros pombinhos. &#8220;Quer\u00edamos transmitir aos noivos a mensagem de que eles podem ir al\u00e9m na organiza\u00e7\u00e3o da festa. Ser &#8216;fora de s\u00e9rie&#8217; significa criar um evento que seja verdadeiramente singular e inesquec\u00edvel, refletindo a identidade e os sonhos dos noivos de maneira especial&#8221;, explica.<\/p>\n\n\n\n<p><strong>Profissionais selecionados<\/strong><\/p>\n\n\n\n<p>A aproxima\u00e7\u00e3o entre empresas e noivos tem mais uma caracter\u00edstica que torna o momento exclusivo: a sele\u00e7\u00e3o e curadoria de fornecedores que participam. A equipe organizadora analisa quest\u00f5es como reputa\u00e7\u00e3o, criatividade e comprometimento. &#8220;Assim conseguimos assegurar op\u00e7\u00f5es escolhidas a dedo e de alta qualidade. Com n\u00famero menor de fornecedores, proporcionamos uma liga\u00e7\u00e3o mais genu\u00edna com os noivos, o que facilita uma conex\u00e3o bem constru\u00edda para que o casal tenha uma festa de casamento \u00fanica&#8221;, explica Eliz.<\/p>\n\n\n\n<p>No evento, os organizadores ainda investem na prepara\u00e7\u00e3o dos fornecedores, com treinamentos e workshops para aprimorar as habilidades das empresas prestadoras de servi\u00e7os e ajudar os noivos no planejamento das festas.<\/p>\n\n\n\n<p>Al\u00e9m disso, os casais presentes poder\u00e3o, nos dois dias de evento, acompanhar cerim\u00f4nias reais de renova\u00e7\u00e3o de votos de matrim\u00f4nio. &#8220;Essas celebra\u00e7\u00f5es servem como uma vitrine viva dos talentos dos nossos fornecedores, demonstrando como suas habilidades e servi\u00e7os se traduzem em um casamento. Os noivos, dessa forma, podem vivenciar ao vivo uma cerim\u00f4nia para que saibam como pode acontecer a festa de seus sonhos&#8221;, diz.<\/p>\n\n\n\n<p><strong>Servi\u00e7o<\/strong><\/p>\n\n\n\n<p>Casamentos Fora de S\u00e9rie<\/p>\n\n\n\n<p>Venda de ingressos: <a href=\"http:\/\/www.casamentosforadeserie.com.br\">www.casamentosforadeserie.com.br<\/a><\/p>\n\n\n\n<p>Valor: R$ 140,00<\/p>\n\n\n\n<p>Datas do evento: 18 de agosto e 1\u00b0 de setembro<\/p>\n\n\n\n<p>Local: Villa do Rocio<\/p>\n\n\n\n<p>Endere\u00e7o: R. Jos\u00e9 Kuckla, 100 &#8211; Bairro Juruqui, Almirante Tamandar\u00e9<\/p>\n\n\n\n<p>Hor\u00e1rios: 14h \u00e0s 20h<\/p>\n","protected":false},"excerpt":{"rendered":"<p>Casamentos Fora de S\u00e9rie re\u00fane fornecedores de servi\u00e7os para festas de matrim\u00f4nio com experi\u00eancias reais e personalizadas aos noivos. Os ingressos ainda est\u00e3o \u00e0 venda. Eliz Boscardin, 34 anos, e Jo\u00e3o Aires, 36, est\u00e3o casados h\u00e1 dez anos. A organiza\u00e7\u00e3o da cerim\u00f4nia foi feita pelo pr\u00f3prio casal, o que os inspirou a investir, ap\u00f3s o [&hellip;]<\/p>\n","protected":false},"author":1,"featured_media":3121,"comment_status":"open","ping_status":"open","sticky":false,"template":"","format":"standard","meta":{"footnotes":""},"categories":[186],"tags":[],"class_list":["post-3120","post","type-post","status-publish","format-standard","has-post-thumbnail","hentry","category-eventos"],"_links":{"self":[{"href":"https:\/\/diarioparanaense.com\/index.php?rest_route=\/wp\/v2\/posts\/3120","targetHints":{"allow":["GET"]}}],"collection":[{"href":"https:\/\/diarioparanaense.com\/index.php?rest_route=\/wp\/v2\/posts"}],"about":[{"href":"https:\/\/diarioparanaense.com\/index.php?rest_route=\/wp\/v2\/types\/post"}],"author":[{"embeddable":true,"href":"https:\/\/diarioparanaense.com\/index.php?rest_route=\/wp\/v2\/users\/1"}],"replies":[{"embeddable":true,"href":"https:\/\/diarioparanaense.com\/index.php?rest_route=%2Fwp%2Fv2%2Fcomments&post=3120"}],"version-history":[{"count":1,"href":"https:\/\/diarioparanaense.com\/index.php?rest_route=\/wp\/v2\/posts\/3120\/revisions"}],"predecessor-version":[{"id":3122,"href":"https:\/\/diarioparanaense.com\/index.php?rest_route=\/wp\/v2\/posts\/3120\/revisions\/3122"}],"wp:featuredmedia":[{"embeddable":true,"href":"https:\/\/diarioparanaense.com\/index.php?rest_route=\/wp\/v2\/media\/3121"}],"wp:attachment":[{"href":"https:\/\/diarioparanaense.com\/index.php?rest_route=%2Fwp%2Fv2%2Fmedia&parent=3120"}],"wp:term":[{"taxonomy":"category","embeddable":true,"href":"https:\/\/diarioparanaense.com\/index.php?rest_route=%2Fwp%2Fv2%2Fcategories&post=3120"},{"taxonomy":"post_tag","embeddable":true,"href":"https:\/\/diarioparanaense.com\/index.php?rest_route=%2Fwp%2Fv2%2Ftags&post=3120"}],"curies":[{"name":"wp","href":"https:\/\/api.w.org\/{rel}","templated":true}]}}