{"id":3117,"date":"2024-08-09T13:37:09","date_gmt":"2024-08-09T16:37:09","guid":{"rendered":"https:\/\/diarioparanaense.com\/?p=3117"},"modified":"2024-08-09T13:37:10","modified_gmt":"2024-08-09T16:37:10","slug":"uniao-de-estilos-paulo-pires-e-mc-jacare-se-unem-no-single-a-culpa-e-sua-de-conveniencia-em-conveniencia","status":"publish","type":"post","link":"https:\/\/diarioparanaense.com\/?p=3117","title":{"rendered":"Uni\u00e3o de estilos: Paulo Pires e MC Jacar\u00e9 se unem no single \u201cA Culpa \u00e9 Sua (De Conveni\u00eancia em Conveni\u00eancia)\u201d"},"content":{"rendered":"\n<p class=\"has-medium-font-size\">Faixa est\u00e1 dispon\u00edvel em todas as plataformas digitais e chega acompanhada de um videoclipe oficial no YouTube<\/p>\n\n\n\n<p>Nesta quinta-feira (08), o cantor e compositor Paulo Pires se uniu ao talentoso MC Jacar\u00e9 para lan\u00e7ar a t\u00e3o aguardada faixa &#8220;A Culpa \u00c9 Sua (De Conveni\u00eancia em Conveni\u00eancia)&#8221;, que promete agitar as paradas musicais e conquistar o p\u00fablico de todo o Brasil. O single est\u00e1 dispon\u00edvel em todas as plataformas digitais e chega acompanhado de um videoclipe no YouTube.<\/p>\n\n\n\n<p>Com uma letra marcante e envolvente, a nova m\u00fasica foi composta por um time de peso formado por Paulo Pires, Everton Matos, Diego Ferrari e Ray Ant\u00f4nio. Enquanto a dire\u00e7\u00e3o do videoclipe ficou a cargo de Fabr\u00edcio Nogueira.<\/p>\n\n\n\n<p>\u201cFico feliz quando o p\u00fablico aprova uma m\u00fasica e pede pra que eu grave. \u2018A Culpa \u00c9 Sua\u2019 foi nesse esquema, a galera curtiu nas redes e a gente precisava liberar o quanto antes. Curti gravar esse feat com o MC Jacar\u00e9, o resultado ficou bacana demais e o clipe vai nos ajudar a contar essa hist\u00f3ria. Espero que a galera tamb\u00e9m goste\u201d, diz Paulo Pires.<\/p>\n\n\n\n<p>\u201cEu acho muito importante a uni\u00e3o dos estilos musicais, pois fortalece ambos. Admiro muito o trabalho do Paulo Pires, me sinto muito honrado em fazer parte deste projeto que est\u00e1 lindo e foi feito com muito carinho para a galera curtir\u201d, comenta MC Jacar\u00e9.<\/p>\n\n\n\n<p>Gravado em Goi\u00e2nia, o clipe retrata a hist\u00f3ria de um rapaz que terminou com a mulher e est\u00e1 tentando retomar o relacionamento, mas como ela n\u00e3o atende, ele decide curtir a vida.<\/p>\n\n\n\n<p>A produ\u00e7\u00e3o do audiovisual foi realizada pela F\u00e1brica de Hits Produtora, conhecida por criar sucessos que rapidamente se tornam virais. Para mais informa\u00e7\u00f5es sobre o artista, siga @paulopirescantor nas&nbsp;redes&nbsp;sociais.<\/p>\n","protected":false},"excerpt":{"rendered":"<p>Faixa est\u00e1 dispon\u00edvel em todas as plataformas digitais e chega acompanhada de um videoclipe oficial no YouTube Nesta quinta-feira (08), o cantor e compositor Paulo Pires se uniu ao talentoso MC Jacar\u00e9 para lan\u00e7ar a t\u00e3o aguardada faixa &#8220;A Culpa \u00c9 Sua (De Conveni\u00eancia em Conveni\u00eancia)&#8221;, que promete agitar as paradas musicais e conquistar o [&hellip;]<\/p>\n","protected":false},"author":1,"featured_media":3118,"comment_status":"open","ping_status":"open","sticky":false,"template":"","format":"standard","meta":{"footnotes":""},"categories":[27],"tags":[],"class_list":["post-3117","post","type-post","status-publish","format-standard","has-post-thumbnail","hentry","category-musica"],"_links":{"self":[{"href":"https:\/\/diarioparanaense.com\/index.php?rest_route=\/wp\/v2\/posts\/3117","targetHints":{"allow":["GET"]}}],"collection":[{"href":"https:\/\/diarioparanaense.com\/index.php?rest_route=\/wp\/v2\/posts"}],"about":[{"href":"https:\/\/diarioparanaense.com\/index.php?rest_route=\/wp\/v2\/types\/post"}],"author":[{"embeddable":true,"href":"https:\/\/diarioparanaense.com\/index.php?rest_route=\/wp\/v2\/users\/1"}],"replies":[{"embeddable":true,"href":"https:\/\/diarioparanaense.com\/index.php?rest_route=%2Fwp%2Fv2%2Fcomments&post=3117"}],"version-history":[{"count":1,"href":"https:\/\/diarioparanaense.com\/index.php?rest_route=\/wp\/v2\/posts\/3117\/revisions"}],"predecessor-version":[{"id":3119,"href":"https:\/\/diarioparanaense.com\/index.php?rest_route=\/wp\/v2\/posts\/3117\/revisions\/3119"}],"wp:featuredmedia":[{"embeddable":true,"href":"https:\/\/diarioparanaense.com\/index.php?rest_route=\/wp\/v2\/media\/3118"}],"wp:attachment":[{"href":"https:\/\/diarioparanaense.com\/index.php?rest_route=%2Fwp%2Fv2%2Fmedia&parent=3117"}],"wp:term":[{"taxonomy":"category","embeddable":true,"href":"https:\/\/diarioparanaense.com\/index.php?rest_route=%2Fwp%2Fv2%2Fcategories&post=3117"},{"taxonomy":"post_tag","embeddable":true,"href":"https:\/\/diarioparanaense.com\/index.php?rest_route=%2Fwp%2Fv2%2Ftags&post=3117"}],"curies":[{"name":"wp","href":"https:\/\/api.w.org\/{rel}","templated":true}]}}