{"id":3107,"date":"2024-08-07T15:28:35","date_gmt":"2024-08-07T18:28:35","guid":{"rendered":"https:\/\/diarioparanaense.com\/?p=3107"},"modified":"2024-08-07T15:28:35","modified_gmt":"2024-08-07T18:28:35","slug":"nay-porttela-lanca-garoa-uma-experiencia-cultural-de-autoconhecimento","status":"publish","type":"post","link":"https:\/\/diarioparanaense.com\/?p=3107","title":{"rendered":"NAY PORTTELA lan\u00e7a Garoa, uma experi\u00eancia cultural de autoconhecimento"},"content":{"rendered":"\n<p><em>Cantora e compositora Nay Porttela estreia seu segundo \u00e1lbum autoral com leveza e esperan\u00e7a de dias melhores.<\/em><\/p>\n\n\n\n<p><em>Ou\u00e7a aqui o \u00e1lbum \u201cGaroa\u201d:<\/em><\/p>\n\n\n\n<p><a href=\"https:\/\/onerpm.link\/garoa\">https:\/\/onerpm.link\/garoa<\/a><\/p>\n\n\n\n<p>Com um som leve, positivo e minimalista, Nay Porttela se prepara para lan\u00e7ar seu segundo \u00e1lbum, <strong><em>Garoa<\/em><\/strong>, que chega no pr\u00f3ximo dia 05 de julho nas principais plataformas digitais, com visualizer em cada uma das 10 faixas do disco.<\/p>\n\n\n\n<p>Intitulado <strong><em>Garoa<\/em><\/strong>, o \u00e1lbum traz um repert\u00f3rio in\u00e9dito e inteiramente autoral. O disco sucede o \u00e1lbum Viradela (2023) na obra fonogr\u00e1fica da artista e inclui colabora\u00e7\u00f5es com a artista francesa REB na faixa bil\u00edngue <em>Todas as coisas \/ Toutes les choses<\/em> e parceiros como a poeta Ana Souza nas letras das m\u00fasicas. Luciano Portela e Rafael Paz integram o time de mix e master do \u00e1lbum <strong><em>Garoa<\/em><\/strong>, gravado no est\u00fadio Banana M\u00fasica, em Goi\u00e2nia, durante os meses de dezembro (2023) e janeiro (2024). Um per\u00edodo marcado por intensas chuvas, Nay produziu o disco trazendo ao ouvinte a sensa\u00e7\u00e3o de estar presente, mantendo o som da chuva em praticamente todas as faixas.<\/p>\n\n\n\n<p>Feita em Salvador, na Bahia, a fotografia, dire\u00e7\u00e3o de imagem e v\u00eddeo s\u00e3o assinadas por Renan Benedito, com capta\u00e7\u00e3o de Danilo Umbelino. &#8220;<strong><em>Garoa<\/em><\/strong> \u00e9 um revelar, uma imers\u00e3o sobre a experi\u00eancia de autoconhecimento, a import\u00e2ncia de se aceitar por completo. \u00c9 sobre ser voc\u00ea mesmo, aprender com a vida em todas as suas partes&#8221;, explica Nay.<\/p>\n\n\n\n<p>Mais que sonoro na musicalidade, <strong><em>Garoa<\/em><\/strong> \u00e9 audiovisual. Renan Benedito \u00e9 um artista baiano que levou um olhar que vai muito al\u00e9m das m\u00fasicas e potencializa os sentidos das can\u00e7\u00f5es que falam sobre cultura, coragem, liberdade e positividade. Renan constr\u00f3i uma narrativa criada com o objetivo de dar uma experi\u00eancia cultural de autoconhecimento para que os ouvintes busquem a liberdade, como canta em <em>Liberdade, vai,<\/em> segundo single lan\u00e7ado em maio. &#8220;A cultura \u00e9 diferente para cada um, ela n\u00e3o pode ser universal nem permanecer a mesma&#8221;, diz Nay.<\/p>\n\n\n\n<p><strong><em>Garoa<\/em><\/strong> \u00e9 um \u00e1lbum visual editado por Danilo Umbelino. O filme ser\u00e1 lan\u00e7ado em 12 de julho. Gravado na cidade de Salvador, na Bahia, as imagens levam o espectador al\u00e9m do som, com cenas da cantora na natureza, correndo em matas fechadas, em cima de \u00e1rvores, caminhando em dunas, meditando em pedras e mergulhando no mar da Bahia.<\/p>\n\n\n\n<p>A cantora criou todo o figurino que vestiu nas filmagens, honrando sua forma\u00e7\u00e3o acad\u00eamica em Design de Moda. &#8220;A moda sempre foi, para mim, uma forma de me comunicar e expressar. Eu modelo, corto e costuro todos os meus figurinos de shows para transmitir, atrav\u00e9s do visual e do figurino, uma experi\u00eancia que vai al\u00e9m da m\u00fasica&#8221;, conta Nay.<\/p>\n\n\n\n<p>Os quatro meses que antecedem o disco foram de lan\u00e7amentos dos singles que anunciaram a sonoridade de iguaria que encontramos em <strong><em>Garoa<\/em><\/strong>, o segundo \u00e1lbum original de Nay Porttela. Ele carrega consigo toda brasilidade, apresentando a bagagem art\u00edstica e musical que a cantora vem construindo, em um compilado de m\u00fasicas que trazem mem\u00f3ria afetiva e seu amor pela MPB. \u201c<strong><em>Garoa<\/em><\/strong> \u00e9 leveza, sensibilidade, al\u00edvio, inspira o autoconhecimento e a busca do seu lugar no mundo\u201d, conta Nay.<\/p>\n\n\n\n<p>As 10 m\u00fasicas que figuram em <strong><em>Garoa<\/em><\/strong> t\u00eam a tem\u00e1tica girando em torno de uma mistura de MPB, samba e bossa nova. A cantora promete um novo som minimalista em <strong><em>Garoa<\/em><\/strong>, com vocal em primeiro plano, Nay Porttela transforma em mantra um repert\u00f3rio que cura feridas abertas em m\u00fasicas como <em>Nada pode me afastar de quem eu sou<\/em>, terceiro single do disco lan\u00e7ado em junho, uma das bossas no repert\u00f3rio do disco.<\/p>\n\n\n\n<p>Com timbre que mescla ritmos brasileiros, para Nay, a percuss\u00e3o ocupa o centro das m\u00fasicas e todos os outros arranjos s\u00e3o pensados a partir dela. \u201cPara mim, a m\u00fasica sempre foi uma manifesta\u00e7\u00e3o art\u00edstica social muito al\u00e9m de ritmo e instrumento, ela \u00e9 uma forma de me comunicar, me aprofundar na cultura e descobrir mais sobre mim mesma&#8221;, revela a cantora.<\/p>\n\n\n\n<p><strong><em>Garoa<\/em><\/strong> equilibra influ\u00eancias cl\u00e1ssicas e contempor\u00e2neas da artista que se apropria das tradi\u00e7\u00f5es musicais sem rupturas est\u00e9ticas. At\u00e9 porque Nay \u00e9 herdeira dessas tradi\u00e7\u00f5es quando insere catira (ritmo surgido no Centro-Oeste) na m\u00fasica <em>Multid\u00e3o<\/em>, faixa 6 do \u00e1lbum, dispon\u00edvel a partir do dia 05 de julho nos tocadores de m\u00fasica digitais.<\/p>\n\n\n\n<p><strong>Ficha T\u00e9cnica \u00c1lbum Garoa:<\/strong><\/p>\n\n\n\n<p>Letras e Composi\u00e7\u00e3o: Nay Porttela e Ana Souza<\/p>\n\n\n\n<p>Produ\u00e7\u00e3o Musical: Nay Porttela<\/p>\n\n\n\n<p>Dire\u00e7\u00e3o visual:&nbsp; Renan Benedito<\/p>\n\n\n\n<p>Dire\u00e7\u00e3o de Imagem: Danilo Umbelino<\/p>\n\n\n\n<p>Mixagem: Luciano Portela<\/p>\n\n\n\n<p>Masteriza\u00e7\u00e3o: Rafael Paz<\/p>\n\n\n\n<p><strong><em>Redes sociais NAY PORTTELA:<\/em><\/strong><\/p>\n\n\n\n<p>Spotify :<a href=\"https:\/\/open.spotify.com\/intl-pt\/artist\/01FblsOAQauxrn2oBoVCyW\">https:\/\/open.spotify.com\/intl-pt\/artist\/01FblsOAQauxrn2oBoVCyW<\/a><\/p>\n\n\n\n<p>instagram: <a href=\"https:\/\/www.instagram.com\/nayporttela\/\">https:\/\/www.instagram.com\/nayporttela\/<\/a><\/p>\n\n\n\n<p>Youtube: <a href=\"https:\/\/youtube.com\/nayporttela\">https:\/\/youtube.com\/nayporttela<\/a><\/p>\n","protected":false},"excerpt":{"rendered":"<p>Cantora e compositora Nay Porttela estreia seu segundo \u00e1lbum autoral com leveza e esperan\u00e7a de dias melhores. Ou\u00e7a aqui o \u00e1lbum \u201cGaroa\u201d: https:\/\/onerpm.link\/garoa Com um som leve, positivo e minimalista, Nay Porttela se prepara para lan\u00e7ar seu segundo \u00e1lbum, Garoa, que chega no pr\u00f3ximo dia 05 de julho nas principais plataformas digitais, com visualizer em [&hellip;]<\/p>\n","protected":false},"author":1,"featured_media":3108,"comment_status":"open","ping_status":"open","sticky":false,"template":"","format":"standard","meta":{"footnotes":""},"categories":[27],"tags":[],"class_list":["post-3107","post","type-post","status-publish","format-standard","has-post-thumbnail","hentry","category-musica"],"_links":{"self":[{"href":"https:\/\/diarioparanaense.com\/index.php?rest_route=\/wp\/v2\/posts\/3107","targetHints":{"allow":["GET"]}}],"collection":[{"href":"https:\/\/diarioparanaense.com\/index.php?rest_route=\/wp\/v2\/posts"}],"about":[{"href":"https:\/\/diarioparanaense.com\/index.php?rest_route=\/wp\/v2\/types\/post"}],"author":[{"embeddable":true,"href":"https:\/\/diarioparanaense.com\/index.php?rest_route=\/wp\/v2\/users\/1"}],"replies":[{"embeddable":true,"href":"https:\/\/diarioparanaense.com\/index.php?rest_route=%2Fwp%2Fv2%2Fcomments&post=3107"}],"version-history":[{"count":1,"href":"https:\/\/diarioparanaense.com\/index.php?rest_route=\/wp\/v2\/posts\/3107\/revisions"}],"predecessor-version":[{"id":3109,"href":"https:\/\/diarioparanaense.com\/index.php?rest_route=\/wp\/v2\/posts\/3107\/revisions\/3109"}],"wp:featuredmedia":[{"embeddable":true,"href":"https:\/\/diarioparanaense.com\/index.php?rest_route=\/wp\/v2\/media\/3108"}],"wp:attachment":[{"href":"https:\/\/diarioparanaense.com\/index.php?rest_route=%2Fwp%2Fv2%2Fmedia&parent=3107"}],"wp:term":[{"taxonomy":"category","embeddable":true,"href":"https:\/\/diarioparanaense.com\/index.php?rest_route=%2Fwp%2Fv2%2Fcategories&post=3107"},{"taxonomy":"post_tag","embeddable":true,"href":"https:\/\/diarioparanaense.com\/index.php?rest_route=%2Fwp%2Fv2%2Ftags&post=3107"}],"curies":[{"name":"wp","href":"https:\/\/api.w.org\/{rel}","templated":true}]}}