{"id":3097,"date":"2024-08-06T11:02:51","date_gmt":"2024-08-06T14:02:51","guid":{"rendered":"https:\/\/diarioparanaense.com\/?p=3097"},"modified":"2024-08-06T11:04:01","modified_gmt":"2024-08-06T14:04:01","slug":"um-chamado-a-conscientizacao-e-acolhimento","status":"publish","type":"post","link":"https:\/\/diarioparanaense.com\/?p=3097","title":{"rendered":"Um chamado \u00e0 conscientiza\u00e7\u00e3o e acolhimento"},"content":{"rendered":"\n<p><em>Tatiana Serra, psic\u00f3loga h\u00e1 10 anos e <\/em><em>analista do Comportamento e Neuropsic\u00f3loga pela USP, destaca a necessidade de direcionar aten\u00e7\u00e3o<\/em> <em>\u00e0s m\u00e3es de filhos neurodiversos<\/em><\/p>\n\n\n\n<h2 class=\"wp-block-heading\">O m\u00eas de agosto inicia, e traz com ele mais uma campanha importante, o Agosto Lil\u00e1s, m\u00eas de conscientiza\u00e7\u00e3o e combate \u00e0 viol\u00eancia dom\u00e9stica e familiar contra a mulher,&nbsp;institu\u00edda por meio da&nbsp;<a href=\"http:\/\/www.naosecale.ms.gov.br\/wp-content\/uploads\/2020\/08\/lei.pdf\">Lei Estadual n\u00ba 4.969\/2016<\/a>.<\/h2>\n\n\n\n<p>A a\u00e7\u00e3o que se iniciou l\u00e1 em 2016, foi idealizada pela Subsecretaria de Pol\u00edticas P\u00fablicas para Mulheres (SPPM), para comemorar os 10 anos da Lei Maria da Penha, onde na \u00e9poca, reuniu diversos parceiros para promover a\u00e7\u00f5es sobre o tema, com palestras e rodas de conversa. Desde ent\u00e3o, ela vem se fortalecendo e consolidando cada vez mais como uma grande campanha no enfrentamento \u00e0 viol\u00eancia contra a mulher.<\/p>\n\n\n\n<p>De acordo com a psic\u00f3loga, analista do Comportamento e Neuropsic\u00f3loga pela USP e CEO do Direcional \u2013 Centro de Sa\u00fade em ABA, Tatiana Serra \u2013 CRP 06\/123778, precisamos ter um olhar ainda mais atento para as m\u00e3es, as quais vivem numa rotina intensa e est\u00e3o mais sujeitas a esse tipo de viol\u00eancia.<\/p>\n\n\n\n<p>\u201cSabemos da import\u00e2ncia do tema, mas nunca falamos sobre essas m\u00e3es que muitas vezes se calam pelos seus filhos, por n\u00e3o terem para onde ir, por receio. Muitas n\u00e3o sabem que podem ter ajuda de institui\u00e7\u00f5es que acolhem mulheres e seus filhos, mesmo eles com qualquer defici\u00eancia que seja, que os abrigam e d\u00e3o direcionamento\u201d, diz a psic\u00f3loga.<\/p>\n\n\n\n<p>Dados do site Rede de Observat\u00f3rios da Seguran\u00e7a revelam que, em 2023, ao menos oito mulheres foram v\u00edtimas de viol\u00eancia a cada 24 horas nos estados monitorados (BA, CE, MA, PA, PE, PI, RJ, SP), a informa\u00e7\u00e3o consta do boletim Elas Vivem: Liberdade de Ser e Viver.<\/p>\n\n\n\n<p>\u201cAinda n\u00e3o temos um levantamento espec\u00edfico sobre essas m\u00e3es, entretanto, sabemos que o dia a dia delas s\u00e3o desafiadores, que enfrentam uma sobrecarga emocional significativa, que se dedicam incansavelmente ao cuidado de seus filhos. \u00c9 extremamente doloroso e impactante abordar a viol\u00eancia contra elas, mas uma realidade muitas vezes silenciada\u201d, pontua a especialista.<\/p>\n\n\n\n<p>A campanha Agosto Lil\u00e1s vem mobilizar a todos e mostrar que n\u00e3o \u00e9 normal uma mulher, independente de ser m\u00e3e de crian\u00e7as com defici\u00eancia ou n\u00e3o, sejam agredidas fisicamente, psicologicamente, moralmente, patrimonialmente, sexualmente, politicamente, entre outras formas.<\/p>\n\n\n\n<p>&nbsp;\u201cQue mais mulheres tenham coragem de denunciar, de procurar ajuda, devemos criar espa\u00e7os seguros e inclusivos onde elas possam compartilhar suas experi\u00eancias e buscar ajuda sem medo\u201d, finaliza.<\/p>\n\n\n\n<p><strong>Sobre<\/strong><\/p>\n\n\n\n<p>Tatiana Serra, \u00e9 Psic\u00f3loga pela UNIP (CRP06\/123778), <a>Analista do Comportamento e Neuropsic\u00f3loga pela USP<\/a>. Formada em Organizational Behavior Managment (OBM). Autora do best-seller Autismo: olhar 360. CEO do Direcional \u2013 Centro de Sa\u00fade em ABA e do Instituto ABA360, Cuidado Ampliado para fam\u00edlias neurodiversas. Idealizadora e Apresentadora do podcast \u201cFiz do meu jeito&#8221;. Atuando h\u00e1 12 anos, Tatiana Serra desenvolveu estrat\u00e9gias de tratamentos a partir da Ci\u00eancia ABA, e acredita que o diferencial do seu trabalho \u00e9 o seu olhar 360 graus combinados com a\u00e7\u00f5es 360 a partir da Ci\u00eancia ABA.<\/p>\n","protected":false},"excerpt":{"rendered":"<p>Tatiana Serra, psic\u00f3loga h\u00e1 10 anos e analista do Comportamento e Neuropsic\u00f3loga pela USP, destaca a necessidade de direcionar aten\u00e7\u00e3o \u00e0s m\u00e3es de filhos neurodiversos O m\u00eas de agosto inicia, e traz com ele mais uma campanha importante, o Agosto Lil\u00e1s, m\u00eas de conscientiza\u00e7\u00e3o e combate \u00e0 viol\u00eancia dom\u00e9stica e familiar contra a mulher,&nbsp;institu\u00edda por [&hellip;]<\/p>\n","protected":false},"author":1,"featured_media":3098,"comment_status":"open","ping_status":"open","sticky":false,"template":"","format":"standard","meta":{"footnotes":""},"categories":[29],"tags":[],"class_list":["post-3097","post","type-post","status-publish","format-standard","has-post-thumbnail","hentry","category-artigos"],"_links":{"self":[{"href":"https:\/\/diarioparanaense.com\/index.php?rest_route=\/wp\/v2\/posts\/3097","targetHints":{"allow":["GET"]}}],"collection":[{"href":"https:\/\/diarioparanaense.com\/index.php?rest_route=\/wp\/v2\/posts"}],"about":[{"href":"https:\/\/diarioparanaense.com\/index.php?rest_route=\/wp\/v2\/types\/post"}],"author":[{"embeddable":true,"href":"https:\/\/diarioparanaense.com\/index.php?rest_route=\/wp\/v2\/users\/1"}],"replies":[{"embeddable":true,"href":"https:\/\/diarioparanaense.com\/index.php?rest_route=%2Fwp%2Fv2%2Fcomments&post=3097"}],"version-history":[{"count":1,"href":"https:\/\/diarioparanaense.com\/index.php?rest_route=\/wp\/v2\/posts\/3097\/revisions"}],"predecessor-version":[{"id":3099,"href":"https:\/\/diarioparanaense.com\/index.php?rest_route=\/wp\/v2\/posts\/3097\/revisions\/3099"}],"wp:featuredmedia":[{"embeddable":true,"href":"https:\/\/diarioparanaense.com\/index.php?rest_route=\/wp\/v2\/media\/3098"}],"wp:attachment":[{"href":"https:\/\/diarioparanaense.com\/index.php?rest_route=%2Fwp%2Fv2%2Fmedia&parent=3097"}],"wp:term":[{"taxonomy":"category","embeddable":true,"href":"https:\/\/diarioparanaense.com\/index.php?rest_route=%2Fwp%2Fv2%2Fcategories&post=3097"},{"taxonomy":"post_tag","embeddable":true,"href":"https:\/\/diarioparanaense.com\/index.php?rest_route=%2Fwp%2Fv2%2Ftags&post=3097"}],"curies":[{"name":"wp","href":"https:\/\/api.w.org\/{rel}","templated":true}]}}