{"id":3094,"date":"2024-08-06T08:36:59","date_gmt":"2024-08-06T11:36:59","guid":{"rendered":"https:\/\/diarioparanaense.com\/?p=3094"},"modified":"2024-08-06T11:03:50","modified_gmt":"2024-08-06T14:03:50","slug":"cogra-distribuidora-anuncia-head-de-novos-negocios","status":"publish","type":"post","link":"https:\/\/diarioparanaense.com\/?p=3094","title":{"rendered":"Cogra Distribuidora anuncia Head de Novos Neg\u00f3cios"},"content":{"rendered":"\n<p>A <a href=\"https:\/\/www.cogra.com.br\/\">Cogra Distribuidora<\/a>, l\u00edder no segmento de equipamentos de impress\u00e3o gerenciada em territ\u00f3rio nacional, comunica ao mercado que Michelle Barros \u00e9 a Head de Novos Neg\u00f3cios. Com mais de 21 anos de atua\u00e7\u00e3o no mercado, Michelle ir\u00e1 atuar fortemente com solu\u00e7\u00f5es MPS &#8211; Managed Print Service &#8211; para buscar novos clientes e elevar participa\u00e7\u00e3o da Cogra no mercado de outsourcing.<\/p>\n\n\n\n<p>A executiva assume com a miss\u00e3o de ampliar sua rede de contatos e parcerias, criando recursos essenciais para o desenvolvimento de novos neg\u00f3cios, colocando em pr\u00e1tica todo seu conhecimento, e entre os principais desafios est\u00e3o identificar cen\u00e1rios e oportunidades de parcerias estrat\u00e9gicas onde possam complementar o pr\u00f3prio neg\u00f3cio.<\/p>\n\n\n\n<p>Com esse novo desafio, de um projeto t\u00e3o importante, a expectativa da Michelle \u00e9 poder criar um impacto positivo no mercado, oferecer uma demanda inovadora e diferenciada para atender as necessidades dos clientes, buscar gerar valor e oferecer um atendimento mais personalizado e eficiente.&nbsp;<\/p>\n\n\n\n<blockquote class=\"wp-block-quote is-layout-flow wp-block-quote-is-layout-flow\">\n<p>\u201cEstou comprometida em fazer deste projeto um verdadeiro catalizador de mudan\u00e7as e conquistas significativas para nossos clientes e para o setor como um todo, conquistando novos espa\u00e7os, estabelecendo parcerias estrat\u00e9gicas e expandindo nossa presen\u00e7a no mercado. Com dedica\u00e7\u00e3o, trabalho \u00e1rduo e a colabora\u00e7\u00e3o de uma rede s\u00f3lida de apoio, seremos capazes de alcan\u00e7ar o sucesso e tornar esse projeto uma refer\u00eancia no setor\u201d, ressalta a executiva.<\/p>\n<\/blockquote>\n\n\n\n<p>Formada em Fisioterapia e Pedagogia pela Uniube e Facinter, com vasta experi\u00eancia na \u00c1rea Comercial, a executiva j\u00e1 atuou em empresas l\u00edderes do setor como Intel, AMD, Agis Distribui\u00e7\u00e3o e Ativa Distribui\u00e7\u00e3o.<\/p>\n","protected":false},"excerpt":{"rendered":"<p>A Cogra Distribuidora, l\u00edder no segmento de equipamentos de impress\u00e3o gerenciada em territ\u00f3rio nacional, comunica ao mercado que Michelle Barros \u00e9 a Head de Novos Neg\u00f3cios. Com mais de 21 anos de atua\u00e7\u00e3o no mercado, Michelle ir\u00e1 atuar fortemente com solu\u00e7\u00f5es MPS &#8211; Managed Print Service &#8211; para buscar novos clientes e elevar participa\u00e7\u00e3o da [&hellip;]<\/p>\n","protected":false},"author":1,"featured_media":3095,"comment_status":"open","ping_status":"open","sticky":false,"template":"","format":"standard","meta":{"footnotes":""},"categories":[29],"tags":[],"class_list":["post-3094","post","type-post","status-publish","format-standard","has-post-thumbnail","hentry","category-artigos"],"_links":{"self":[{"href":"https:\/\/diarioparanaense.com\/index.php?rest_route=\/wp\/v2\/posts\/3094","targetHints":{"allow":["GET"]}}],"collection":[{"href":"https:\/\/diarioparanaense.com\/index.php?rest_route=\/wp\/v2\/posts"}],"about":[{"href":"https:\/\/diarioparanaense.com\/index.php?rest_route=\/wp\/v2\/types\/post"}],"author":[{"embeddable":true,"href":"https:\/\/diarioparanaense.com\/index.php?rest_route=\/wp\/v2\/users\/1"}],"replies":[{"embeddable":true,"href":"https:\/\/diarioparanaense.com\/index.php?rest_route=%2Fwp%2Fv2%2Fcomments&post=3094"}],"version-history":[{"count":1,"href":"https:\/\/diarioparanaense.com\/index.php?rest_route=\/wp\/v2\/posts\/3094\/revisions"}],"predecessor-version":[{"id":3096,"href":"https:\/\/diarioparanaense.com\/index.php?rest_route=\/wp\/v2\/posts\/3094\/revisions\/3096"}],"wp:featuredmedia":[{"embeddable":true,"href":"https:\/\/diarioparanaense.com\/index.php?rest_route=\/wp\/v2\/media\/3095"}],"wp:attachment":[{"href":"https:\/\/diarioparanaense.com\/index.php?rest_route=%2Fwp%2Fv2%2Fmedia&parent=3094"}],"wp:term":[{"taxonomy":"category","embeddable":true,"href":"https:\/\/diarioparanaense.com\/index.php?rest_route=%2Fwp%2Fv2%2Fcategories&post=3094"},{"taxonomy":"post_tag","embeddable":true,"href":"https:\/\/diarioparanaense.com\/index.php?rest_route=%2Fwp%2Fv2%2Ftags&post=3094"}],"curies":[{"name":"wp","href":"https:\/\/api.w.org\/{rel}","templated":true}]}}