{"id":3077,"date":"2024-08-01T08:41:46","date_gmt":"2024-08-01T11:41:46","guid":{"rendered":"https:\/\/diarioparanaense.com\/?p=3077"},"modified":"2024-08-01T08:41:46","modified_gmt":"2024-08-01T11:41:46","slug":"encontro-literario-com-rogerio-camargo-homenageia-luis-vaz-de-camoes","status":"publish","type":"post","link":"https:\/\/diarioparanaense.com\/?p=3077","title":{"rendered":"Encontro Liter\u00e1rio com Rog\u00e9rio Camargo Homenageia Lu\u00eds Vaz de Cam\u00f5es"},"content":{"rendered":"\n<p class=\"has-medium-font-size\">Evento organizado pelo CUB do Clube Curitibano destaca a import\u00e2ncia da cultura e da literatura na sociedade<\/p>\n\n\n\n<p>No dia 30 de julho, foi realizado um encontro para homenagear Lu\u00eds Vaz de Cam\u00f5es. O evento, organizado pelo Conselho de Usu\u00e1rios da Biblioteca (CUB) do Clube Curitibano, foi conduzido por Rog\u00e9rio Camargo, professor de literatura, l\u00edngua portuguesa e comunica\u00e7\u00e3o na FAE Centro Universit\u00e1rio.<\/p>\n\n\n\n<p>Camargo \u00e9 formado em Letras e Jornalismo pela Universidade Estadual do Centro-Oeste, com especializa\u00e7\u00e3o em literatura e lingu\u00edstica pela mesma institui\u00e7\u00e3o, al\u00e9m de ser mestre e doutor pela Universidade Federal do Paran\u00e1. Durante o encontro, Rog\u00e9rio apresentou ao p\u00fablico presente a import\u00e2ncia da literatura e da cultura, homenageando um dos maiores poetas da l\u00edngua portuguesa e um dos principais escritores do Renascimento.<\/p>\n\n\n\n<p>\u201cOs eventos realizados pelo CUB t\u00eam como objetivo promover o pensamento cr\u00edtico, a cultura e o conhecimento. Ao mergulharem em diferentes mundos e perspectivas, \u00e9 poss\u00edvel desenvolver uma compreens\u00e3o mais profunda das diversas realidades ao seu redor\u201d, explicou o presidente do Clube Curitibano, Paulo Roberto Oliveira.<\/p>\n\n\n\n<p class=\"has-medium-font-size\">Quem foi Lu\u00eds Vaz de Cam\u00f5es?<\/p>\n\n\n\n<p>Sua obra mais famosa, &#8220;Os Lus\u00edadas&#8221;, \u00e9 um \u00e9pico que celebra as descobertas mar\u00edtimas portuguesas e a hist\u00f3ria do pa\u00eds. Cam\u00f5es \u00e9 conhecido por sua habilidade em unir uma vasta erudi\u00e7\u00e3o com uma profunda sensibilidade po\u00e9tica, influenciando gera\u00e7\u00f5es de escritores e consolidando a l\u00edngua portuguesa como uma l\u00edngua liter\u00e1ria de prest\u00edgio. A homenagem a Cam\u00f5es durante o encontro destacou a import\u00e2ncia de sua contribui\u00e7\u00e3o para a literatura e refor\u00e7ou o valor da cultura na forma\u00e7\u00e3o de leitores cr\u00edticos e apreciadores da&nbsp;arte&nbsp;liter\u00e1ria.<\/p>\n","protected":false},"excerpt":{"rendered":"<p>Evento organizado pelo CUB do Clube Curitibano destaca a import\u00e2ncia da cultura e da literatura na sociedade No dia 30 de julho, foi realizado um encontro para homenagear Lu\u00eds Vaz de Cam\u00f5es. O evento, organizado pelo Conselho de Usu\u00e1rios da Biblioteca (CUB) do Clube Curitibano, foi conduzido por Rog\u00e9rio Camargo, professor de literatura, l\u00edngua portuguesa [&hellip;]<\/p>\n","protected":false},"author":1,"featured_media":3081,"comment_status":"open","ping_status":"open","sticky":false,"template":"","format":"standard","meta":{"footnotes":""},"categories":[1],"tags":[],"class_list":["post-3077","post","type-post","status-publish","format-standard","has-post-thumbnail","hentry","category-sem-categoria"],"_links":{"self":[{"href":"https:\/\/diarioparanaense.com\/index.php?rest_route=\/wp\/v2\/posts\/3077","targetHints":{"allow":["GET"]}}],"collection":[{"href":"https:\/\/diarioparanaense.com\/index.php?rest_route=\/wp\/v2\/posts"}],"about":[{"href":"https:\/\/diarioparanaense.com\/index.php?rest_route=\/wp\/v2\/types\/post"}],"author":[{"embeddable":true,"href":"https:\/\/diarioparanaense.com\/index.php?rest_route=\/wp\/v2\/users\/1"}],"replies":[{"embeddable":true,"href":"https:\/\/diarioparanaense.com\/index.php?rest_route=%2Fwp%2Fv2%2Fcomments&post=3077"}],"version-history":[{"count":1,"href":"https:\/\/diarioparanaense.com\/index.php?rest_route=\/wp\/v2\/posts\/3077\/revisions"}],"predecessor-version":[{"id":3082,"href":"https:\/\/diarioparanaense.com\/index.php?rest_route=\/wp\/v2\/posts\/3077\/revisions\/3082"}],"wp:featuredmedia":[{"embeddable":true,"href":"https:\/\/diarioparanaense.com\/index.php?rest_route=\/wp\/v2\/media\/3081"}],"wp:attachment":[{"href":"https:\/\/diarioparanaense.com\/index.php?rest_route=%2Fwp%2Fv2%2Fmedia&parent=3077"}],"wp:term":[{"taxonomy":"category","embeddable":true,"href":"https:\/\/diarioparanaense.com\/index.php?rest_route=%2Fwp%2Fv2%2Fcategories&post=3077"},{"taxonomy":"post_tag","embeddable":true,"href":"https:\/\/diarioparanaense.com\/index.php?rest_route=%2Fwp%2Fv2%2Ftags&post=3077"}],"curies":[{"name":"wp","href":"https:\/\/api.w.org\/{rel}","templated":true}]}}