{"id":3076,"date":"2024-08-01T08:46:08","date_gmt":"2024-08-01T11:46:08","guid":{"rendered":"https:\/\/diarioparanaense.com\/?p=3076"},"modified":"2024-08-01T16:30:39","modified_gmt":"2024-08-01T19:30:39","slug":"souq-fotografa-primeira-campanha-internacional-e-celebra-marco-importante-na-sua-estrategia-de-crescimento-em-moda","status":"publish","type":"post","link":"https:\/\/diarioparanaense.com\/?p=3076","title":{"rendered":"SOUQ fotografa primeira campanha internacional e celebra marco importante na sua estrat\u00e9gia de crescimento em moda"},"content":{"rendered":"\n<p>Cole\u00e7\u00e3o MAJESTIC de Ver\u00e3o 25 tem refer\u00eancias inspiradas em hot\u00e9is emblem\u00e1ticos pelo mundo nas pe\u00e7as de Estilo, Home e Acess\u00f3rios<\/p>\n\n\n\n<p>Fotografada em Cinque Terre, na It\u00e1lia, a SOUQ, conceituada marca de moda, acess\u00f3rios e decora\u00e7\u00e3o, comandada pela Traudi Guida, apresenta sua campanha de Ver\u00e3o 24\/25, intitulada MAJESTIC, inspirada por hot\u00e9is emblem\u00e1ticos ao redor do mundo. Pela primeira vez, a marca realizou uma campanha internacional, celebrando a criatividade e ambi\u00e7\u00e3o em um marco importante para sua estrat\u00e9gia de crescimento e posicionamento nacional.<\/p>\n\n\n\n<p>Inspirada em hot\u00e9is ic\u00f4nicos que carregam hist\u00f3rias, trazem eleg\u00e2ncia, luxo e diversidade cultural. Dividida em corners (La Palma, Cinnamon, Champagne, Miramere, Baptiste, Sanremo, Drops Miramere II, Bennu e Essencial), a cole\u00e7\u00e3o convida a cliente a embarcar em uma viagem pelo universo SOUQ, celebrando a descoberta de novos horizontes, e traduzindo a ess\u00eancia do &#8220;everyday holiday&#8221;. A campanha foi fotografada nas cidades de Vernazza, Riomaggiore e Monterosso, em Cinque Terre, levando a campanha a outro patamar de exclusividade. Esse marco \u00e9 mais um passo significativo para a SOUQ, somado \u00e0 celebra\u00e7\u00e3o de 10 anos em 2023, inaugura\u00e7\u00e3o da CASA SOUQ no bairro dos Jardins, expans\u00e3o de novas lojas programadas para este ano e um aumento de 104% de vendas da cole\u00e7\u00e3o de 2024 no Atacado, reafirmando seu compromisso em proporcionar experi\u00eancias aut\u00eanticas e luxuosas \u00e0s suas clientes.<\/p>\n\n\n\n<p>MAJESTIC reflete a rica heran\u00e7a cultural e a beleza desses destinos. Dividida em c\u00e1psulas, as entradas de vestu\u00e1rio se destacam atrav\u00e9s de suas estampas exclusivas desenhadas in house aplicadas em tecidos como a seda, introduzida pela primeira vez no Estilo da SOUQ, e aplicado em kaftans e blusas, proporcionando um toque de sofistica\u00e7\u00e3o. Al\u00e9m do tradicional linho, best-seller da marca, em sua vers\u00e3o liso 100% e fio tinto, o tricot de ver\u00e3o, e viscose com seda.<\/p>\n\n\n\n<p>Os acess\u00f3rios s\u00e3o um destaque \u00e0 parte, com pe\u00e7as feitas \u00e0 m\u00e3o utilizando materiais como madeira, resina e metal. As bijoux apresentam elementos tropicais, brincos e colares florais. A linha Home inclui almofadas bordadas, casti\u00e7ais coloridos e bandejas estampadas ovais e retangulares, refletindo a ess\u00eancia da cole\u00e7\u00e3o, transmitindo a sensa\u00e7\u00e3o de uma viagem pelo mundo.<\/p>\n\n\n\n<p>A cole\u00e7\u00e3o MAJESTIC j\u00e1 est\u00e1 dispon\u00edvel nas lojas SOUQ da marca a partir de 1 de agosto e no e-commerce atrav\u00e9s do site <a href=\"https:\/\/www.souqstore.com.br\/\">https:\/\/www.souqstore.com.br\/<\/a><\/p>\n\n\n\n<p><strong>Sobre SOUQ<br><\/strong><em>MODA, D\u00c9COR, ESTILO DE VIDA.<\/em><\/p>\n\n\n\n<p>Viajar pelo mundo sem sair do lugar \u2014 essa \u00e9 a experi\u00eancia que a curadoria cuidadosa da SOUQ oferece. A marca nasceu da paix\u00e3o por garimpar as belezas e os estilos do mundo e \u00e9 comandada por Traudi Guida e pelo filho Bento Guida. Em 2023, completa dez anos com um portf\u00f3lio extenso de produtos. Traz do cl\u00e1ssico ao contempor\u00e2neo, do boho ao \u00e9tnico, da roupa \u00e0 decora\u00e7\u00e3o para todas\u00a0as\u00a0ocasi\u00f5es.<\/p>\n","protected":false},"excerpt":{"rendered":"<p>Cole\u00e7\u00e3o MAJESTIC de Ver\u00e3o 25 tem refer\u00eancias inspiradas em hot\u00e9is emblem\u00e1ticos pelo mundo nas pe\u00e7as de Estilo, Home e Acess\u00f3rios Fotografada em Cinque Terre, na It\u00e1lia, a SOUQ, conceituada marca de moda, acess\u00f3rios e decora\u00e7\u00e3o, comandada pela Traudi Guida, apresenta sua campanha de Ver\u00e3o 24\/25, intitulada MAJESTIC, inspirada por hot\u00e9is emblem\u00e1ticos ao redor do mundo. [&hellip;]<\/p>\n","protected":false},"author":1,"featured_media":3083,"comment_status":"open","ping_status":"open","sticky":false,"template":"","format":"standard","meta":{"footnotes":""},"categories":[432],"tags":[],"class_list":["post-3076","post","type-post","status-publish","format-standard","has-post-thumbnail","hentry","category-moda"],"_links":{"self":[{"href":"https:\/\/diarioparanaense.com\/index.php?rest_route=\/wp\/v2\/posts\/3076","targetHints":{"allow":["GET"]}}],"collection":[{"href":"https:\/\/diarioparanaense.com\/index.php?rest_route=\/wp\/v2\/posts"}],"about":[{"href":"https:\/\/diarioparanaense.com\/index.php?rest_route=\/wp\/v2\/types\/post"}],"author":[{"embeddable":true,"href":"https:\/\/diarioparanaense.com\/index.php?rest_route=\/wp\/v2\/users\/1"}],"replies":[{"embeddable":true,"href":"https:\/\/diarioparanaense.com\/index.php?rest_route=%2Fwp%2Fv2%2Fcomments&post=3076"}],"version-history":[{"count":1,"href":"https:\/\/diarioparanaense.com\/index.php?rest_route=\/wp\/v2\/posts\/3076\/revisions"}],"predecessor-version":[{"id":3084,"href":"https:\/\/diarioparanaense.com\/index.php?rest_route=\/wp\/v2\/posts\/3076\/revisions\/3084"}],"wp:featuredmedia":[{"embeddable":true,"href":"https:\/\/diarioparanaense.com\/index.php?rest_route=\/wp\/v2\/media\/3083"}],"wp:attachment":[{"href":"https:\/\/diarioparanaense.com\/index.php?rest_route=%2Fwp%2Fv2%2Fmedia&parent=3076"}],"wp:term":[{"taxonomy":"category","embeddable":true,"href":"https:\/\/diarioparanaense.com\/index.php?rest_route=%2Fwp%2Fv2%2Fcategories&post=3076"},{"taxonomy":"post_tag","embeddable":true,"href":"https:\/\/diarioparanaense.com\/index.php?rest_route=%2Fwp%2Fv2%2Ftags&post=3076"}],"curies":[{"name":"wp","href":"https:\/\/api.w.org\/{rel}","templated":true}]}}