{"id":3067,"date":"2024-07-30T15:49:53","date_gmt":"2024-07-30T18:49:53","guid":{"rendered":"https:\/\/diarioparanaense.com\/?p=3067"},"modified":"2024-07-30T15:49:53","modified_gmt":"2024-07-30T18:49:53","slug":"hospital-pilar-celebra-60-anos-com-programacao-especial-voltada-a-saude-mental","status":"publish","type":"post","link":"https:\/\/diarioparanaense.com\/?p=3067","title":{"rendered":"Hospital Pilar celebra 60 anos com programa\u00e7\u00e3o especial voltada \u00e0 sa\u00fade mental"},"content":{"rendered":"\n<p class=\"has-medium-font-size\">Atividades incluem apresenta\u00e7\u00f5es musicais, medita\u00e7\u00e3o guiada e distribui\u00e7\u00e3o de doces<\/p>\n\n\n\n<p>O Hospital Pilar est\u00e1 completando 60 anos de hist\u00f3ria na capital paranaense. Para celebrar essa data, entre os dias 22 e 26 de julho, o hospital realizou uma s\u00e9rie de a\u00e7\u00f5es para mostrar como atitudes simples podem ter um impacto positivo significativo na sa\u00fade mental das pessoas que est\u00e3o passando por um momento sens\u00edvel.<\/p>\n\n\n\n<p>A comemora\u00e7\u00e3o iniciou nos dias 22 e 23, quando o violinista Gustavo Rech percorreu os corredores do local apresentando m\u00fasicas de diversos estilos em sess\u00f5es: \u00e0s 10h, 15h e 19h30. Esta iniciativa, realizada desde 2005 em momentos especiais, tem como objetivo criar uma atmosfera tranquila e acolhedora na institui\u00e7\u00e3o. \u201cA m\u00fasica \u00e9 amplamente reconhecida por seus benef\u00edcios na recupera\u00e7\u00e3o, manuten\u00e7\u00e3o e melhoria da sa\u00fade f\u00edsica e mental. Ela pode acalmar os pacientes, ajudando-os a aceitar os tratamentos e a rotina hospitalar com mais facilidade\u201d, explica Rodrigo Romanini, diretor t\u00e9cnico do Hospital Pilar.<\/p>\n\n\n\n<p>Nos dias 24 e 25, o hospital sediou a campanha &#8220;5 Minutos Eu Medito&#8221;, onde totens de medita\u00e7\u00e3o foram disponibilizados, permitindo que colaboradores fa\u00e7am uma pausa na rotina para praticar a medita\u00e7\u00e3o. A pr\u00e1tica oferece diversos benef\u00edcios f\u00edsicos e mentais, incluindo a melhora da press\u00e3o arterial, a redu\u00e7\u00e3o de dores cr\u00f4nicas e ins\u00f4nia, o aumento da produ\u00e7\u00e3o de serotonina, a redu\u00e7\u00e3o da ansiedade e o est\u00edmulo \u00e0 criatividade. No dia 24 a atividade esteve \u00e0 disposi\u00e7\u00e3o das 9h30 \u00e0s 17h e no dia 25 das 12h30 \u00e0s 20h30.<\/p>\n\n\n\n<p>Al\u00e9m das atividades musicais e de medita\u00e7\u00e3o, o hospital tamb\u00e9m promoveu a distribui\u00e7\u00e3o de doces para todos os presentes, contribuindo para um ambiente mais leve e descontra\u00eddo durante as comemora\u00e7\u00f5es.<\/p>\n\n\n\n<p class=\"has-medium-font-size\">Seis d\u00e9cadas de investimento em tecnologia e infraestrutura para os curitibanos<\/p>\n\n\n\n<p>Fundado em 1959 pelo Dr. Jo\u00e3o Iltaumyr Milano e sua esposa Milva Schruber Milano, o Hospital Pilar iniciou suas atividades com uma estrutura modesta, contando com tr\u00eas andares, cinco leitos e uma sala cir\u00fargica. A primeira amplia\u00e7\u00e3o ocorreu 12 anos depois, aumentando a capacidade para 25 leitos e incluindo um novo bloco com mais salas cir\u00fargicas e de parto.<br>Entre as d\u00e9cadas de 1980 e 2000, o hospital passou por uma s\u00e9rie de melhorias significativas, investindo em tecnologia e infraestrutura. Um novo pr\u00e9dio de cinco andares foi constru\u00eddo, e em 2004, a institui\u00e7\u00e3o se consolidou como um hospital geral, expandindo sua UTI e criando um novo centro cir\u00fargico para procedimentos complexos. Em 2010, um novo edif\u00edcio foi adicionado e o hospital recebeu certifica\u00e7\u00e3o de qualidade.<\/p>\n\n\n\n<p>Em 2020, o Hospital Pilar passou a fazer parte da holding Hospital Care, o que possibilitou novas amplia\u00e7\u00f5es e a introdu\u00e7\u00e3o de tecnologias avan\u00e7adas. Atualmente, o local possui mais de 100 leitos, 44 especialidades m\u00e9dicas e \u00e9 acreditado com excel\u00eancia pelo Instituto para Planejamento e Pesquisa para Acredita\u00e7\u00e3o de Servi\u00e7os de Sa\u00fade (IPASS). Al\u00e9m disso, foi a \u00fanica institui\u00e7\u00e3o da capital paranaense ranqueada na lista dos Melhores Hospitais do Mundo pela revista estadunidense Newsweek, a an\u00e1lise foi realizada em 30 pa\u00edses. \u00c9 uma refer\u00eancia em procedimentos de alta complexidade, com um centro cir\u00fargico moderno e uma UTI humanizada que permite a presen\u00e7a de acompanhantes 24&nbsp;horas&nbsp;por&nbsp;dia.<\/p>\n","protected":false},"excerpt":{"rendered":"<p>Atividades incluem apresenta\u00e7\u00f5es musicais, medita\u00e7\u00e3o guiada e distribui\u00e7\u00e3o de doces O Hospital Pilar est\u00e1 completando 60 anos de hist\u00f3ria na capital paranaense. Para celebrar essa data, entre os dias 22 e 26 de julho, o hospital realizou uma s\u00e9rie de a\u00e7\u00f5es para mostrar como atitudes simples podem ter um impacto positivo significativo na sa\u00fade mental [&hellip;]<\/p>\n","protected":false},"author":1,"featured_media":3069,"comment_status":"open","ping_status":"open","sticky":false,"template":"","format":"standard","meta":{"footnotes":""},"categories":[186],"tags":[],"class_list":["post-3067","post","type-post","status-publish","format-standard","has-post-thumbnail","hentry","category-eventos"],"_links":{"self":[{"href":"https:\/\/diarioparanaense.com\/index.php?rest_route=\/wp\/v2\/posts\/3067","targetHints":{"allow":["GET"]}}],"collection":[{"href":"https:\/\/diarioparanaense.com\/index.php?rest_route=\/wp\/v2\/posts"}],"about":[{"href":"https:\/\/diarioparanaense.com\/index.php?rest_route=\/wp\/v2\/types\/post"}],"author":[{"embeddable":true,"href":"https:\/\/diarioparanaense.com\/index.php?rest_route=\/wp\/v2\/users\/1"}],"replies":[{"embeddable":true,"href":"https:\/\/diarioparanaense.com\/index.php?rest_route=%2Fwp%2Fv2%2Fcomments&post=3067"}],"version-history":[{"count":1,"href":"https:\/\/diarioparanaense.com\/index.php?rest_route=\/wp\/v2\/posts\/3067\/revisions"}],"predecessor-version":[{"id":3068,"href":"https:\/\/diarioparanaense.com\/index.php?rest_route=\/wp\/v2\/posts\/3067\/revisions\/3068"}],"wp:featuredmedia":[{"embeddable":true,"href":"https:\/\/diarioparanaense.com\/index.php?rest_route=\/wp\/v2\/media\/3069"}],"wp:attachment":[{"href":"https:\/\/diarioparanaense.com\/index.php?rest_route=%2Fwp%2Fv2%2Fmedia&parent=3067"}],"wp:term":[{"taxonomy":"category","embeddable":true,"href":"https:\/\/diarioparanaense.com\/index.php?rest_route=%2Fwp%2Fv2%2Fcategories&post=3067"},{"taxonomy":"post_tag","embeddable":true,"href":"https:\/\/diarioparanaense.com\/index.php?rest_route=%2Fwp%2Fv2%2Ftags&post=3067"}],"curies":[{"name":"wp","href":"https:\/\/api.w.org\/{rel}","templated":true}]}}