{"id":3064,"date":"2024-07-30T13:24:18","date_gmt":"2024-07-30T16:24:18","guid":{"rendered":"https:\/\/diarioparanaense.com\/?p=3064"},"modified":"2024-07-30T13:24:18","modified_gmt":"2024-07-30T16:24:18","slug":"setor-de-feiras-corporativas-movimenta-r-10-bilhoes-no-brasil","status":"publish","type":"post","link":"https:\/\/diarioparanaense.com\/?p=3064","title":{"rendered":"Setor de feiras corporativas movimenta R$ 10 bilh\u00f5es no Brasil"},"content":{"rendered":"\n<p class=\"has-medium-font-size\">Especialista em Marketing de Experi\u00eancias d\u00e1 dicas para que empresas aproveitem todo o potencial dos eventos de neg\u00f3cios<\/p>\n\n\n\n<p>Ap\u00f3s os desafios enfrentados durante os dois anos de pandemia, o setor de feiras corporativas n\u00e3o apenas se recuperou, como est\u00e1 crescendo significativamente. A atra\u00e7\u00e3o de um n\u00famero cada vez maior de marcas expositoras e p\u00fablico visitante demonstra essa recupera\u00e7\u00e3o. Segundo a Uni\u00e3o Brasileira de Feiras e Eventos de Neg\u00f3cios, no ano passado, esse mercado gerou um impacto de quase R$ 10 bilh\u00f5es na economia nacional. Para 2024, a expectativa \u00e9 de um crescimento de 15% em n\u00edvel mundial.<\/p>\n\n\n\n<p>Talita Watanabe, CEO da 4us, empresa especializada em Marketing de Experi\u00eancia, destaca a import\u00e2ncia das feiras corporativas: \u201cEventos de neg\u00f3cios s\u00e3o uma oportunidade interessante tanto para empresas que est\u00e3o come\u00e7ando quanto para as j\u00e1 consolidadas. Elas permitem o fortalecimento da marca, a apresenta\u00e7\u00e3o de lan\u00e7amentos, a realiza\u00e7\u00e3o de contatos com interessados em revender os produtos, a formaliza\u00e7\u00e3o de novas parcerias e, atrav\u00e9s de pesquisas, o conhecimento mais profundo do p\u00fablico\u201d, afirma.<\/p>\n\n\n\n<p>A 4us oferece um suporte completo \u00e0s empresas na produ\u00e7\u00e3o de eventos, desde a concep\u00e7\u00e3o do estande at\u00e9 a execu\u00e7\u00e3o das atividades, inclusive com visitas t\u00e9cnicas ao espa\u00e7o do evento. Talita ainda oferece dicas valiosas para aproveitar ao m\u00e1ximo essas feiras: \u00e9 essencial selecionar a feira que melhor se alinha com a empresa e seu p\u00fablico-alvo, investir em um design de estande criativo que respeite a identidade visual da marca, e criar experi\u00eancias no estande que v\u00e3o al\u00e9m da simples exposi\u00e7\u00e3o de produtos.<\/p>\n\n\n\n<p class=\"has-medium-font-size\">Experi\u00eancia<\/p>\n\n\n\n<p>\u201cEmpresas que investem em experi\u00eancias no estande, mais do que apenas na exposi\u00e7\u00e3o de produtos, saem na frente. \u00c9 importante se manter ciente de que, naquele evento, est\u00e3o sendo divulgadas diversas mensagens, e que ficar\u00e1 na mente do potencial cliente ou parceiro aquela que for capaz de gerar um verdadeiro elo entre a marca e o consumidor. Experi\u00eancias de degusta\u00e7\u00e3o, a\u00e7\u00f5es que envolvam os sentidos e a possibilidade de se vincular verdadeiramente ao produto ou servi\u00e7o s\u00e3o alguns dos diferenciais poss\u00edveis. Participar de eventos de neg\u00f3cios pode ser decisivo para fazer contatos estrat\u00e9gicos e alavancar a visibilidade da marca\u201d, refor\u00e7a.<\/p>\n\n\n\n<p class=\"has-medium-font-size\">Tecnologia<\/p>\n\n\n\n<p>A empres\u00e1ria fala ainda de como a tecnologia pode ser utilizada como um recurso precioso para a gera\u00e7\u00e3o de leads. \u201cAs feiras corporativas oferecem uma plataforma \u00fanica para as empresas criarem experi\u00eancias imersivas que realmente engajem seus p\u00fablicos. Uma maneira eficaz de se destacar \u00e9 aliar tecnologia e interatividade com o contato humano. Tecnologias como realidade aumentada, realidade virtual e displays interativos podem atrair e reter a aten\u00e7\u00e3o dos visitantes, proporcionando uma experi\u00eancia memor\u00e1vel\u201d.<\/p>\n\n\n\n<p class=\"has-medium-font-size\">Vis\u00e3o 360<\/p>\n\n\n\n<p>Eventos s\u00e3o ao vivo e n\u00e3o t\u00eam ensaios ou test drives, por isso \u00e9 crucial n\u00e3o s\u00f3 conhecer o local das feiras antecipadamente como estar preparado para ter planos A, B, C e D. \u201cSe o plano A falhar, utilizamos o plano B, e assim por diante. Por isso a visita t\u00e9cnica \u00e9 fundamental para simular o dia do evento e avaliar todos os detalhes e setores\u201d, explica Talita, refor\u00e7ando a import\u00e2ncia de ter uma vis\u00e3o 360 do evento, para que haja uma prepara\u00e7\u00e3o meticulosa e estrat\u00e9gica de adapta\u00e7\u00e3o a qualquer imprevisto. Ela ressalta ainda a import\u00e2ncia de auxiliar o cliente na escolha de um bom posicionamento na feira, visando maximizar a visibilidade. \u201cCaso o or\u00e7amento do cliente n\u00e3o permita um local de alta visibilidade, a empresa busca alternativas criativas para atrair visitantes ao estande. Para garantir um retorno positivo, a 4us incorpora no escopo do projeto a flexibilidade e a criatividade necess\u00e1rias para fazer ajustes em andamento, adaptando-se \u00e0s circunst\u00e2ncias e oportunidades que surgirem\u201d.<\/p>\n\n\n\n<p class=\"has-medium-font-size\">Sobre a 4us<\/p>\n\n\n\n<p>A 4us \u00e9 uma empresa especializada em Marketing de Experi\u00eancia. Com marcas como BIC, 99, Avon, Bradesco, Colgate, XBOX, Vivo e Deezer no curr\u00edculo, a empresa oferece uma gama diversificada de servi\u00e7os que v\u00e3o desde o desenvolvimento de campanhas personalizadas at\u00e9 a realiza\u00e7\u00e3o de palestras, feiras e conven\u00e7\u00f5es, al\u00e9m de treinamentos, kits corporativos e workshops sob medida, oferecendo ao mercado corporativo a entrega dos prop\u00f3sitos e valores das marcas e campanhas, atrav\u00e9s de uma experi\u00eancia exclusiva, memor\u00e1vel e inovadora.<\/p>\n\n\n\n<p><strong>SERVI\u00c7O<\/strong><br><strong>4us<br><\/strong>oi@talitawatanabe.com.br<br>instagram: @4us_talitawatanabe<br>LinkedIn: 4us<br>(11)\u00a02097-7866<\/p>\n","protected":false},"excerpt":{"rendered":"<p>Especialista em Marketing de Experi\u00eancias d\u00e1 dicas para que empresas aproveitem todo o potencial dos eventos de neg\u00f3cios Ap\u00f3s os desafios enfrentados durante os dois anos de pandemia, o setor de feiras corporativas n\u00e3o apenas se recuperou, como est\u00e1 crescendo significativamente. A atra\u00e7\u00e3o de um n\u00famero cada vez maior de marcas expositoras e p\u00fablico visitante [&hellip;]<\/p>\n","protected":false},"author":1,"featured_media":3065,"comment_status":"open","ping_status":"open","sticky":false,"template":"","format":"standard","meta":{"footnotes":""},"categories":[1],"tags":[],"class_list":["post-3064","post","type-post","status-publish","format-standard","has-post-thumbnail","hentry","category-sem-categoria"],"_links":{"self":[{"href":"https:\/\/diarioparanaense.com\/index.php?rest_route=\/wp\/v2\/posts\/3064","targetHints":{"allow":["GET"]}}],"collection":[{"href":"https:\/\/diarioparanaense.com\/index.php?rest_route=\/wp\/v2\/posts"}],"about":[{"href":"https:\/\/diarioparanaense.com\/index.php?rest_route=\/wp\/v2\/types\/post"}],"author":[{"embeddable":true,"href":"https:\/\/diarioparanaense.com\/index.php?rest_route=\/wp\/v2\/users\/1"}],"replies":[{"embeddable":true,"href":"https:\/\/diarioparanaense.com\/index.php?rest_route=%2Fwp%2Fv2%2Fcomments&post=3064"}],"version-history":[{"count":1,"href":"https:\/\/diarioparanaense.com\/index.php?rest_route=\/wp\/v2\/posts\/3064\/revisions"}],"predecessor-version":[{"id":3066,"href":"https:\/\/diarioparanaense.com\/index.php?rest_route=\/wp\/v2\/posts\/3064\/revisions\/3066"}],"wp:featuredmedia":[{"embeddable":true,"href":"https:\/\/diarioparanaense.com\/index.php?rest_route=\/wp\/v2\/media\/3065"}],"wp:attachment":[{"href":"https:\/\/diarioparanaense.com\/index.php?rest_route=%2Fwp%2Fv2%2Fmedia&parent=3064"}],"wp:term":[{"taxonomy":"category","embeddable":true,"href":"https:\/\/diarioparanaense.com\/index.php?rest_route=%2Fwp%2Fv2%2Fcategories&post=3064"},{"taxonomy":"post_tag","embeddable":true,"href":"https:\/\/diarioparanaense.com\/index.php?rest_route=%2Fwp%2Fv2%2Ftags&post=3064"}],"curies":[{"name":"wp","href":"https:\/\/api.w.org\/{rel}","templated":true}]}}