{"id":3038,"date":"2024-07-29T13:49:19","date_gmt":"2024-07-29T16:49:19","guid":{"rendered":"https:\/\/diarioparanaense.com\/?p=3038"},"modified":"2024-07-29T13:51:54","modified_gmt":"2024-07-29T16:51:54","slug":"2-encontro-internacional-do-grappa-sobre-psoriase-e-artrite-psoriasica-acontece-em-curitiba","status":"publish","type":"post","link":"https:\/\/diarioparanaense.com\/?p=3038","title":{"rendered":"2\u00b0 Encontro Internacional do GRAPPA sobre Psor\u00edase e Artrite Psori\u00e1sica acontece em Curitiba"},"content":{"rendered":"\n<p class=\"has-medium-font-size\"><em>Evento reconhecido mundialmente acontece em agosto e re\u00fane especialistas para trocar conhecimentos avan\u00e7ados relacionados ao diagn\u00f3stico e terap\u00eautica das doen\u00e7as reum\u00e1ticas<\/em><\/p>\n\n\n\n<p>Nos dias 16 e 17 de agosto, o Hotel Bourbon Curitiba (PR), ser\u00e1 palco do 2\u00b0 Encontro Internacional do GRAPPA (Grupo para Pesquisa e Avalia\u00e7\u00e3o da Psor\u00edase e da Artrite Psori\u00e1sica), organizado pela Reumatologista Cl\u00e1udia Goldenstein Schainberg e com o apoio de entidades brasileiras como a Sociedade Brasileira de Reumatologia e Sociedade Paranaense de Reumatologia.<\/p>\n\n\n\n<p>Criado em 2003, o Grupo de Pesquisa e Avalia\u00e7\u00e3o de Psor\u00edase e Artrite Psori\u00e1sica (GRAPPA) \u00e9 organizado exclusivamente para fins educacionais e cient\u00edficos, sem fins lucrativos. Este grupo seleto internacional e multidisciplinar foi desenvolvido especificamente para facilitar o compartilhamento de informa\u00e7\u00f5es relacionadas \u00e0 psor\u00edase e \u00e0 artrite psori\u00e1sica pelos mais importantes especialistas da \u00e1rea.<\/p>\n\n\n\n<p>O evento reunir\u00e1 mais de 30 m\u00e9dicos brasileiros e estrangeiros palestrantes, que compartilhar\u00e3o conhecimentos sobre diferentes assuntos relacionados \u00e0s comorbidades, como risco cardio vascular, s\u00edndrome metab\u00f3lica, medicina de precis\u00e3o tudo isso dentro da Psor\u00edase e Artrite Psor\u00edasica.<\/p>\n\n\n\n<p>\u201cTrazer o GRAPPA para o Brasil pelo segundo ano consecutivo \u00e9 uma honra. Possibilitar que m\u00e9dicos brasileiros tenham acesso aos conte\u00fados e conhecimentos quo o GRAPPA e tantos palestrantes renomeados oferece \u00e9 algo extremamente importante\u201d conta a Reumatologista Cl\u00e1udia Goldenstein Schainberg.<\/p>\n\n\n\n<p><strong>Congresso e sess\u00f5es<\/strong><\/p>\n\n\n\n<p>A programa\u00e7\u00e3o cient\u00edfica abordar\u00e1 desde conceitos b\u00e1sicos \u00e0s novas descobertas, at\u00e9 dicas pr\u00e1ticas de terapias t\u00f3picas para reumatologistas, garantindo ao longo dos dois dias, um evento de m\u00e1xima absor\u00e7\u00e3o de conhecimento para todos os participantes.<\/p>\n\n\n\n<p>No primeiro dia (16) e no segundo dia (17) ser\u00e3o realizados diversos temas importantes, sendo eles:<\/p>\n\n\n\n<ul class=\"wp-block-list\">\n<li>Impacto do sexo na Psor\u00edase e Artrite Psori\u00e1sica;<\/li>\n\n\n\n<li>Polimorfismo g\u00eanico;<\/li>\n\n\n\n<li>Risco Cardio Vascular na Psor\u00edase e Artrite Psori\u00e1sica;<\/li>\n\n\n\n<li>S\u00edndrome Metab\u00f3lica em Psor\u00edase e Artrite Psori\u00e1sica;<\/li>\n\n\n\n<li>Medicina de precis\u00e3o na Psor\u00edase e Artrite Psori\u00e1sica;<\/li>\n\n\n\n<li>Novos alvos terap\u00eauticos e o racional fisiopatog\u00eanico;<\/li>\n\n\n\n<li>Treat to intercept e a marcha psori\u00e1sica;<\/li>\n\n\n\n<li>Pacientes dif\u00edceis de tratar na Psor\u00edase e Artrite Psori\u00e1sica;<\/li>\n\n\n\n<li>Nutri\u00e7\u00e3o em Psor\u00edase e Artrite Psori\u00e1sica;<\/li>\n\n\n\n<li>Debate: IL-17 x Anti- TNF na Artrite Psori\u00e1sica Axial;<\/li>\n\n\n\n<li>Debate: Necessidade do uso da terapia sist\u00eamica cl\u00e1ssica nas \u00e1reas especiais da Psor\u00edase;<\/li>\n\n\n\n<li>Depress\u00e3o na doen\u00e7a psori\u00e1sica.<\/li>\n<\/ul>\n\n\n\n<p>\u201cA dissemina\u00e7\u00e3o desses conhecimentos visa, principalmente, aprimorar o manejo, o diagn\u00f3stico e o tratamento de pessoas com artrite psori\u00e1sica, resultando em uma melhor qualidade de vida e prevenindo deformidades e incapacidades funcionais\u201d, conclui Cl\u00e1udia, diretoria executiva do GRAPPA.<\/p>\n\n\n\n<p><strong>Sobre a Dra. Cl\u00e1udia Goldenstein Schainberg<\/strong><\/p>\n\n\n\n<p>Com uma ampla experi\u00eancia na \u00e1rea da sa\u00fade, Dra. Cl\u00e1udia \u00e9 graduada em Medicina pela Universidade Federal da Bahia e possui mestrado e doutorado pela Faculdade de Medicina da USP. Fez tamb\u00e9m especializa\u00e7\u00e3o em Reumatologia no Canad\u00e1 e Estados Unidos.<\/p>\n\n\n\n<p>A Dra. Cl\u00e1udia declara a import\u00e2ncia sobre assuntos sociais relacionados \u00e0 sa\u00fade, bem-estar, qualidade de vida, autocuidado e humanismo. Atualmente exerce atividades de ensino, assist\u00eancia e pesquisa no Hospital das Cl\u00ednicas da Faculdade de Medicina da USP, onde chefia o Laborat\u00f3rio de Imunologia Celular do LIM-17 e o Ambulat\u00f3rio de Artrites da Inf\u00e2ncia.<\/p>\n\n\n\n<p>Tamb\u00e9m faz parte do corpo cl\u00ednico dos hospitais Israelita Albert Einstein, S\u00edrio Liban\u00eas e Alem\u00e3o Oswaldo Cruz. J\u00e1 no Hospital das Cl\u00ednicas, da Faculdade de Medicina da Universidade de S\u00e3o Paulo, atua nos Ambulat\u00f3rios de Osteoartrite, Gota e Espondiloartrites.<\/p>\n","protected":false},"excerpt":{"rendered":"<p>Evento reconhecido mundialmente acontece em agosto e re\u00fane especialistas para trocar conhecimentos avan\u00e7ados relacionados ao diagn\u00f3stico e terap\u00eautica das doen\u00e7as reum\u00e1ticas Nos dias 16 e 17 de agosto, o Hotel Bourbon Curitiba (PR), ser\u00e1 palco do 2\u00b0 Encontro Internacional do GRAPPA (Grupo para Pesquisa e Avalia\u00e7\u00e3o da Psor\u00edase e da Artrite Psori\u00e1sica), organizado pela Reumatologista [&hellip;]<\/p>\n","protected":false},"author":1,"featured_media":3039,"comment_status":"open","ping_status":"open","sticky":false,"template":"","format":"standard","meta":{"footnotes":""},"categories":[186,164],"tags":[],"class_list":["post-3038","post","type-post","status-publish","format-standard","has-post-thumbnail","hentry","category-eventos","category-saude-2"],"_links":{"self":[{"href":"https:\/\/diarioparanaense.com\/index.php?rest_route=\/wp\/v2\/posts\/3038","targetHints":{"allow":["GET"]}}],"collection":[{"href":"https:\/\/diarioparanaense.com\/index.php?rest_route=\/wp\/v2\/posts"}],"about":[{"href":"https:\/\/diarioparanaense.com\/index.php?rest_route=\/wp\/v2\/types\/post"}],"author":[{"embeddable":true,"href":"https:\/\/diarioparanaense.com\/index.php?rest_route=\/wp\/v2\/users\/1"}],"replies":[{"embeddable":true,"href":"https:\/\/diarioparanaense.com\/index.php?rest_route=%2Fwp%2Fv2%2Fcomments&post=3038"}],"version-history":[{"count":1,"href":"https:\/\/diarioparanaense.com\/index.php?rest_route=\/wp\/v2\/posts\/3038\/revisions"}],"predecessor-version":[{"id":3040,"href":"https:\/\/diarioparanaense.com\/index.php?rest_route=\/wp\/v2\/posts\/3038\/revisions\/3040"}],"wp:featuredmedia":[{"embeddable":true,"href":"https:\/\/diarioparanaense.com\/index.php?rest_route=\/wp\/v2\/media\/3039"}],"wp:attachment":[{"href":"https:\/\/diarioparanaense.com\/index.php?rest_route=%2Fwp%2Fv2%2Fmedia&parent=3038"}],"wp:term":[{"taxonomy":"category","embeddable":true,"href":"https:\/\/diarioparanaense.com\/index.php?rest_route=%2Fwp%2Fv2%2Fcategories&post=3038"},{"taxonomy":"post_tag","embeddable":true,"href":"https:\/\/diarioparanaense.com\/index.php?rest_route=%2Fwp%2Fv2%2Ftags&post=3038"}],"curies":[{"name":"wp","href":"https:\/\/api.w.org\/{rel}","templated":true}]}}