{"id":3037,"date":"2024-07-29T13:50:59","date_gmt":"2024-07-29T16:50:59","guid":{"rendered":"https:\/\/diarioparanaense.com\/?p=3037"},"modified":"2024-07-29T13:51:26","modified_gmt":"2024-07-29T16:51:26","slug":"projeto-escolar-de-educacao-financeira-na-pratica-para-criancas-e-jovens","status":"publish","type":"post","link":"https:\/\/diarioparanaense.com\/?p=3037","title":{"rendered":"Projeto escolar de educa\u00e7\u00e3o financeira na pr\u00e1tica para crian\u00e7as e jovens"},"content":{"rendered":"\n<p class=\"has-medium-font-size\">Iniciativa envolve estudantes do Ensino Fundamental em atividades pr\u00e1ticas para desenvolver habilidades empreendedoras<\/p>\n\n\n\n<p>Um projeto inovador realizado por uma escola de Curitiba (PR) envolve estudantes do Ensino Fundamental em situa\u00e7\u00f5es di\u00e1rias de economia financeira. Por quatro anos, as crian\u00e7as e adolescentes s\u00e3o preparados para enfrentar desafios financeiros futuros de maneira pr\u00e1tica e l\u00fadica.<\/p>\n\n\n\n<p>Os estudantes do sexto ao nono ano, de 11 a 14 anos de idade, atuam como Microempreendedores Individuais (MEI) e s\u00e3o respons\u00e1veis pela cria\u00e7\u00e3o e gest\u00e3o de pequenas empresas, como lojas de variedades e estabelecimentos de comida. Entre as atividades, est\u00e1 a aquisi\u00e7\u00e3o de insumos oriundos do CEASA (Centrais de Abastecimento). As crian\u00e7as v\u00e3o \u00e0s 6h da manh\u00e3 no estabelecimento para a escolha de frutas e verduras que s\u00e3o comercializadas em uma feira na Escola Atua\u00e7\u00e3o, no bairro Santa Quit\u00e9ria.<\/p>\n\n\n\n<p>\u201cS\u00e3o experi\u00eancias e oportunidades que nos ajudam a ter uma ideia de como funciona o cuidado com o financeiro e o mercado de trabalho\u201d, conta Laura Ayumi, estudante do nono ano.<\/p>\n\n\n\n<p>A escola tamb\u00e9m organiza excurs\u00f5es para lojas de departamentos com as turmas do Infantil, permitindo que os alunos observem e entendam a necessidade de poupan\u00e7a para a aquisi\u00e7\u00e3o de bens.<\/p>\n\n\n\n<p>A diretora da Escola Atua\u00e7\u00e3o, Carolina Pereira Frizon, destaca que o objetivo principal do projeto \u00e9 incentivar os jovens a desenvolverem solu\u00e7\u00f5es inovadoras e a import\u00e2ncia do planejamento financeiro. &#8220;Queremos que os estudantes compreendam que nem tudo o que desejam \u00e9 imediatamente acess\u00edvel e que o planejamento financeiro \u00e9 crucial para alcan\u00e7ar objetivos&#8221;, afirma.<\/p>\n\n\n\n<p class=\"has-medium-font-size\">Empreender do Brasil<\/p>\n\n\n\n<p>De acordo com dados recentes do Sebrae e Anegepe, o Brasil ocupa o 8\u00ba lugar no ranking mundial de empreendedores, com 42 milh\u00f5es de brasileiros j\u00e1 envolvidos em neg\u00f3cios e 48 milh\u00f5es com planos de empreender em breve. Em 2023, o Mapa das Empresas (MEMP) registrou a abertura de mais de 1,1 milh\u00e3o de novas empresas, um aumento de 5,1% em rela\u00e7\u00e3o ao&nbsp;ano&nbsp;anterior.<\/p>\n","protected":false},"excerpt":{"rendered":"<p>Iniciativa envolve estudantes do Ensino Fundamental em atividades pr\u00e1ticas para desenvolver habilidades empreendedoras Um projeto inovador realizado por uma escola de Curitiba (PR) envolve estudantes do Ensino Fundamental em situa\u00e7\u00f5es di\u00e1rias de economia financeira. Por quatro anos, as crian\u00e7as e adolescentes s\u00e3o preparados para enfrentar desafios financeiros futuros de maneira pr\u00e1tica e l\u00fadica. Os estudantes [&hellip;]<\/p>\n","protected":false},"author":1,"featured_media":3041,"comment_status":"open","ping_status":"open","sticky":false,"template":"","format":"standard","meta":{"footnotes":""},"categories":[148],"tags":[],"class_list":["post-3037","post","type-post","status-publish","format-standard","has-post-thumbnail","hentry","category-educacao"],"_links":{"self":[{"href":"https:\/\/diarioparanaense.com\/index.php?rest_route=\/wp\/v2\/posts\/3037","targetHints":{"allow":["GET"]}}],"collection":[{"href":"https:\/\/diarioparanaense.com\/index.php?rest_route=\/wp\/v2\/posts"}],"about":[{"href":"https:\/\/diarioparanaense.com\/index.php?rest_route=\/wp\/v2\/types\/post"}],"author":[{"embeddable":true,"href":"https:\/\/diarioparanaense.com\/index.php?rest_route=\/wp\/v2\/users\/1"}],"replies":[{"embeddable":true,"href":"https:\/\/diarioparanaense.com\/index.php?rest_route=%2Fwp%2Fv2%2Fcomments&post=3037"}],"version-history":[{"count":1,"href":"https:\/\/diarioparanaense.com\/index.php?rest_route=\/wp\/v2\/posts\/3037\/revisions"}],"predecessor-version":[{"id":3042,"href":"https:\/\/diarioparanaense.com\/index.php?rest_route=\/wp\/v2\/posts\/3037\/revisions\/3042"}],"wp:featuredmedia":[{"embeddable":true,"href":"https:\/\/diarioparanaense.com\/index.php?rest_route=\/wp\/v2\/media\/3041"}],"wp:attachment":[{"href":"https:\/\/diarioparanaense.com\/index.php?rest_route=%2Fwp%2Fv2%2Fmedia&parent=3037"}],"wp:term":[{"taxonomy":"category","embeddable":true,"href":"https:\/\/diarioparanaense.com\/index.php?rest_route=%2Fwp%2Fv2%2Fcategories&post=3037"},{"taxonomy":"post_tag","embeddable":true,"href":"https:\/\/diarioparanaense.com\/index.php?rest_route=%2Fwp%2Fv2%2Ftags&post=3037"}],"curies":[{"name":"wp","href":"https:\/\/api.w.org\/{rel}","templated":true}]}}