{"id":3026,"date":"2024-07-25T15:10:43","date_gmt":"2024-07-25T18:10:43","guid":{"rendered":"https:\/\/diarioparanaense.com\/?p=3026"},"modified":"2024-07-25T15:11:16","modified_gmt":"2024-07-25T18:11:16","slug":"soma-solution-abre-suas-portas-e-promove-circuito-de-workshop-com-apresentacao-de-solucoes-praticas-para-a-industria","status":"publish","type":"post","link":"https:\/\/diarioparanaense.com\/?p=3026","title":{"rendered":"Soma Solution abre suas portas e promove circuito de workshop com apresenta\u00e7\u00e3o de solu\u00e7\u00f5es pr\u00e1ticas para a ind\u00fastria"},"content":{"rendered":"\n<p class=\"has-medium-font-size\">O Soma Day ser\u00e1 em 25 de julho, em Curitiba, com networking e visita\u00e7\u00e3o \u00e0 empresa. Outros eventos ocorrer\u00e3o at\u00e9 novembro em v\u00e1rias cidades<\/p>\n\n\n\n<p>A Soma Solution, celebrando 25 anos no mercado de codifica\u00e7\u00e3o e inspe\u00e7\u00e3o industrial, abrir\u00e1 suas portas para clientes, parceiros e amigos com uma s\u00e9rie de workshops. O primeiro evento, o Soma Day, acontecer\u00e1 no dia 25 de julho. Outros encontros seguir\u00e3o at\u00e9 novembro em Toledo, Maring\u00e1 e Chapec\u00f3, onde a empresa tem suas maiores bases de apoio.<\/p>\n\n\n\n<p>\u201cS\u00e3o eventos onde vamos abrir as portas da empresa para nossos clientes, para que eles tenham a oportunidade de visitar nossa empresa, nosso espa\u00e7o de trabalho e vivenciar um pouco do dia a dia da Soma Solution\u201d, comenta o presidente Gustavo M\u00fcller Martins. Al\u00e9m disso, o Soma Day contar\u00e1 com a presen\u00e7a de t\u00e9cnicos e especialistas de produto, que far\u00e3o demonstra\u00e7\u00f5es pr\u00e1ticas dos equipamentos. \u201cVamos abordar a import\u00e2ncia da tecnologia avan\u00e7ada para a revolu\u00e7\u00e3o da ind\u00fastria\u201d. Tornando o encontro mais agrad\u00e1vel, os participantes participam tamb\u00e9m de um coffee break e ganham um certificado de participa\u00e7\u00e3o.<\/p>\n\n\n\n<p>O Soma Day em Curitiba ser\u00e1 realizado na Rua Bartolomeu Louren\u00e7o de Gusm\u00e3o, 2259, no Boqueir\u00e3o, das 8h30 \u00e0s 17 horas. Os pr\u00f3ximos encontros ser\u00e3o em setembro, em Toledo; em outubro, em Maring\u00e1; e em novembro, em Chapec\u00f3. \u201cNosso principal objetivo \u00e9 estreitar o relacionamento com os clientes e fortalecer a confian\u00e7a m\u00fatua. Queremos promover a intera\u00e7\u00e3o entre vendedores, t\u00e9cnicos e clientes, criando um ambiente prop\u00edcio para networking e troca de experi\u00eancias,\u201d convida Gustavo.<\/p>\n\n\n\n<p class=\"has-medium-font-size\">SOMA SOLUTION<\/p>\n\n\n\n<p>Revendendo marcas globais renomadas como Hikrobot e Markem-Imaje, a empresa oferece solu\u00e7\u00f5es personalizadas para diversos setores, incluindo aliment\u00edcio, madeireiro, industrial, automotivo, eletr\u00f4nico, farmac\u00eautico, qu\u00edmico e petroqu\u00edmico, com foco em marca\u00e7\u00e3o, codifica\u00e7\u00e3o e inspe\u00e7\u00e3o industrial de produtos. Fundado em 1999, o grupo destaca-se n\u00e3o apenas pelos seus produtos, mas tamb\u00e9m pelo suporte p\u00f3s-venda. A marca atende todo o Brasil e tem sua base na regi\u00e3o Sul, com expans\u00e3o para a regi\u00e3o Sudeste.<\/p>\n\n\n\n<p class=\"has-medium-font-size\">SERVI\u00c7O<\/p>\n\n\n\n<p>Mais informa\u00e7\u00f5es sobre a empresa: <a href=\"https:\/\/www.somasolution.com.br\/\">https:\/\/www.somasolution.com.br\/<\/a><\/p>\n\n\n\n<p>Mais informa\u00e7\u00f5es sobre o Soma Day: marketing@somasolution.com.br&nbsp;e&nbsp;41&nbsp;3023&nbsp;0656<\/p>\n","protected":false},"excerpt":{"rendered":"<p>O Soma Day ser\u00e1 em 25 de julho, em Curitiba, com networking e visita\u00e7\u00e3o \u00e0 empresa. Outros eventos ocorrer\u00e3o at\u00e9 novembro em v\u00e1rias cidades A Soma Solution, celebrando 25 anos no mercado de codifica\u00e7\u00e3o e inspe\u00e7\u00e3o industrial, abrir\u00e1 suas portas para clientes, parceiros e amigos com uma s\u00e9rie de workshops. O primeiro evento, o Soma [&hellip;]<\/p>\n","protected":false},"author":1,"featured_media":3030,"comment_status":"open","ping_status":"open","sticky":false,"template":"","format":"standard","meta":{"footnotes":""},"categories":[186,324],"tags":[],"class_list":["post-3026","post","type-post","status-publish","format-standard","has-post-thumbnail","hentry","category-eventos","category-negocios"],"_links":{"self":[{"href":"https:\/\/diarioparanaense.com\/index.php?rest_route=\/wp\/v2\/posts\/3026","targetHints":{"allow":["GET"]}}],"collection":[{"href":"https:\/\/diarioparanaense.com\/index.php?rest_route=\/wp\/v2\/posts"}],"about":[{"href":"https:\/\/diarioparanaense.com\/index.php?rest_route=\/wp\/v2\/types\/post"}],"author":[{"embeddable":true,"href":"https:\/\/diarioparanaense.com\/index.php?rest_route=\/wp\/v2\/users\/1"}],"replies":[{"embeddable":true,"href":"https:\/\/diarioparanaense.com\/index.php?rest_route=%2Fwp%2Fv2%2Fcomments&post=3026"}],"version-history":[{"count":1,"href":"https:\/\/diarioparanaense.com\/index.php?rest_route=\/wp\/v2\/posts\/3026\/revisions"}],"predecessor-version":[{"id":3031,"href":"https:\/\/diarioparanaense.com\/index.php?rest_route=\/wp\/v2\/posts\/3026\/revisions\/3031"}],"wp:featuredmedia":[{"embeddable":true,"href":"https:\/\/diarioparanaense.com\/index.php?rest_route=\/wp\/v2\/media\/3030"}],"wp:attachment":[{"href":"https:\/\/diarioparanaense.com\/index.php?rest_route=%2Fwp%2Fv2%2Fmedia&parent=3026"}],"wp:term":[{"taxonomy":"category","embeddable":true,"href":"https:\/\/diarioparanaense.com\/index.php?rest_route=%2Fwp%2Fv2%2Fcategories&post=3026"},{"taxonomy":"post_tag","embeddable":true,"href":"https:\/\/diarioparanaense.com\/index.php?rest_route=%2Fwp%2Fv2%2Ftags&post=3026"}],"curies":[{"name":"wp","href":"https:\/\/api.w.org\/{rel}","templated":true}]}}