{"id":3018,"date":"2024-07-23T11:26:30","date_gmt":"2024-07-23T14:26:30","guid":{"rendered":"https:\/\/diarioparanaense.com\/?p=3018"},"modified":"2024-07-23T11:26:31","modified_gmt":"2024-07-23T14:26:31","slug":"evento-de-reciclagem-conta-com-mais-de-50-estandes","status":"publish","type":"post","link":"https:\/\/diarioparanaense.com\/?p=3018","title":{"rendered":"Evento de Reciclagem conta com mais de 50 estandes"},"content":{"rendered":"\n<p class=\"has-medium-font-size\">Feira promove e fortalece as rela\u00e7\u00f5es entre fornecedores e consumidores de diversos setores<\/p>\n\n\n\n<p>A Feira Recicla\u00e7\u00e3o 2024, dedicada ao Meio Ambiente Industrial, Reciclagem, Saneamento Ambiental e Energias Alternativas, ocorrer\u00e1 no Centro de Eventos Positivo do Parque Barigui, em Curitiba, de 25 a 27 de julho. Este evento se destaca pelo foco nas energias alternativas, refor\u00e7ando sua import\u00e2ncia para o desenvolvimento sustent\u00e1vel. A feira busca promover a sustentabilidade ambiental e fomentar neg\u00f3cios entre fornecedores e consumidores de equipamentos, tecnologias e servi\u00e7os voltados aos setores urbano, rural, industrial e comercial. Com uma expectativa de mais de 6 mil visitantes, a Recicla\u00e7\u00e3o se consolida como o principal evento do setor no Paran\u00e1.<\/p>\n\n\n\n<p>Com seus mais de 50 expositores, a Feira Recicla\u00e7\u00e3o 2024, visa destacar, promover e fortalecer as rela\u00e7\u00f5es entre fornecedores e consumidores de diversos setores, servindo como um ponto central para a gera\u00e7\u00e3o de neg\u00f3cios. &#8220;O evento busca dar visibilidade e incentivar alternativas cient\u00edficas e mercadol\u00f3gicas que atendam \u00e0s demandas de consumo, promovendo oportunidades comerciais e desenvolvimento socioecon\u00f4mico&#8221;, explica Valdir Bello organizador do evento. Al\u00e9m disso, a feira promove o interc\u00e2mbio entre empresas, ind\u00fastrias, setor p\u00fablico e comunidade cient\u00edfica, fomentando pol\u00edticas p\u00fablicas que incentivem boas pr\u00e1ticas de sustentabilidade no ambiente industrial e comercial.<\/p>\n\n\n\n<p>Com o patroc\u00ednio do SENAI PR e CWB ENERGIA , a Recicla\u00e7\u00e3o 2024 promete ser o principal ponto de encontro entre profissionais, fornecedores e consumidores do setor, incluindo gestores p\u00fablicos e privados, profissionais com especializa\u00e7\u00e3o atuantes no setor, t\u00e9cnicos, administradores empresariais, acad\u00eamicos e estudantes. Com uma programa\u00e7\u00e3o t\u00e9cnica comercial diversificada, o evento oferece uma plataforma \u00fanica para a troca de conhecimento, capacita\u00e7\u00e3o e realiza\u00e7\u00e3o de neg\u00f3cios, consolidando-se como uma feira de abrang\u00eancia nacional no calend\u00e1rio de eventos para empresas e profissionais comprometidos com a sustentabilidade no ambiente urbano, rural, industrial e comercial.<\/p>\n\n\n\n<p><br><strong>A RECICLA\u00c7\u00c3O 2024 TEM O APOIO INSTITUCIONAL:<br><\/strong>Associa\u00e7\u00e3o Paranaense dos Engenheiros Ambientais &#8211; APEAM<br>Associa\u00e7\u00e3o Paranaense dos Engenheiros Florestais &#8211; APEF<br>Associa\u00e7\u00e3o Paranaense dos Engenheiros Qu\u00edmicos &#8211; AEQ<br>Associa\u00e7\u00e3o das Empresas da Cidade Industrial de Curitiba \u2013 AECIC<\/p>\n\n\n\n<p><strong>PATROC\u00cdNIO: SENAI PR e CWB ENERGIA.<\/strong><\/p>\n\n\n\n<p><strong>Servi\u00e7o<\/strong>: Recicla\u00e7\u00e3o &#8211; Feira do Meio Ambiente Industrial, ind\u00fastria da reciclagem, saneamento ambiental e energias alternativas<br>REALIZA\u00c7\u00c3O: Montebello Eventos<br>Contato: (41) 3203-1189 (41) 9.9546-0416<br>Local: Centro de Eventos Positivo do Parque Barigui, Curitiba\/PR<br>Dias: 25, 26 e 27 de julho de 2024<br>Redes Sociais: reciclacao2024<br>Site: <a href=\"https:\/\/montebelloeventos.com.br\/works\/reciclacao\/\">https:\/\/montebelloeventos.com.br\/works\/reciclacao\/<\/a><\/p>\n","protected":false},"excerpt":{"rendered":"<p>Feira promove e fortalece as rela\u00e7\u00f5es entre fornecedores e consumidores de diversos setores A Feira Recicla\u00e7\u00e3o 2024, dedicada ao Meio Ambiente Industrial, Reciclagem, Saneamento Ambiental e Energias Alternativas, ocorrer\u00e1 no Centro de Eventos Positivo do Parque Barigui, em Curitiba, de 25 a 27 de julho. Este evento se destaca pelo foco nas energias alternativas, refor\u00e7ando [&hellip;]<\/p>\n","protected":false},"author":1,"featured_media":3019,"comment_status":"open","ping_status":"open","sticky":false,"template":"","format":"standard","meta":{"footnotes":""},"categories":[1],"tags":[],"class_list":["post-3018","post","type-post","status-publish","format-standard","has-post-thumbnail","hentry","category-sem-categoria"],"_links":{"self":[{"href":"https:\/\/diarioparanaense.com\/index.php?rest_route=\/wp\/v2\/posts\/3018","targetHints":{"allow":["GET"]}}],"collection":[{"href":"https:\/\/diarioparanaense.com\/index.php?rest_route=\/wp\/v2\/posts"}],"about":[{"href":"https:\/\/diarioparanaense.com\/index.php?rest_route=\/wp\/v2\/types\/post"}],"author":[{"embeddable":true,"href":"https:\/\/diarioparanaense.com\/index.php?rest_route=\/wp\/v2\/users\/1"}],"replies":[{"embeddable":true,"href":"https:\/\/diarioparanaense.com\/index.php?rest_route=%2Fwp%2Fv2%2Fcomments&post=3018"}],"version-history":[{"count":1,"href":"https:\/\/diarioparanaense.com\/index.php?rest_route=\/wp\/v2\/posts\/3018\/revisions"}],"predecessor-version":[{"id":3020,"href":"https:\/\/diarioparanaense.com\/index.php?rest_route=\/wp\/v2\/posts\/3018\/revisions\/3020"}],"wp:featuredmedia":[{"embeddable":true,"href":"https:\/\/diarioparanaense.com\/index.php?rest_route=\/wp\/v2\/media\/3019"}],"wp:attachment":[{"href":"https:\/\/diarioparanaense.com\/index.php?rest_route=%2Fwp%2Fv2%2Fmedia&parent=3018"}],"wp:term":[{"taxonomy":"category","embeddable":true,"href":"https:\/\/diarioparanaense.com\/index.php?rest_route=%2Fwp%2Fv2%2Fcategories&post=3018"},{"taxonomy":"post_tag","embeddable":true,"href":"https:\/\/diarioparanaense.com\/index.php?rest_route=%2Fwp%2Fv2%2Ftags&post=3018"}],"curies":[{"name":"wp","href":"https:\/\/api.w.org\/{rel}","templated":true}]}}