{"id":3017,"date":"2024-07-23T11:27:30","date_gmt":"2024-07-23T14:27:30","guid":{"rendered":"https:\/\/diarioparanaense.com\/?p=3017"},"modified":"2024-07-23T11:27:30","modified_gmt":"2024-07-23T14:27:30","slug":"o-voluntariado-empresarial-um-caminho-para-a-responsabilidade-social","status":"publish","type":"post","link":"https:\/\/diarioparanaense.com\/?p=3017","title":{"rendered":"O voluntariado empresarial: Um caminho para a responsabilidade social"},"content":{"rendered":"\n<p class=\"has-medium-font-size\">Aproveitando o dia da caridade para fazer o bem<\/p>\n\n\n\n<p>No Dia da Caridade (19\/07), \u00e9 importante destacar o papel crescente do voluntariado empresarial, uma pr\u00e1tica que tem se consolidado como um componente vital da cultura de sustentabilidade nas corpora\u00e7\u00f5es modernas. Esse movimento n\u00e3o apenas beneficia a comunidade, mas tamb\u00e9m fortalece a empresa e seus colaboradores, promovendo uma cultura de responsabilidade social e engajamento.<\/p>\n\n\n\n<p>Para compreender o impacto do voluntariado empresarial, \u00e9 essencial entender o conceito de voluntariado. Segundo Eduardo Ramires, idealizador da Sister, um aplicativo focado em unir corpora\u00e7\u00f5es interessadas em trabalho social com OSC\u2019s que necessitam de volunt\u00e1rios: &#8220;ser volunt\u00e1rio pode significar muito mais do que dar comida a quem tem fome ou tratar uma pessoa doente; \u00e9 uma busca pela conscientiza\u00e7\u00e3o das pessoas, mobiliza\u00e7\u00e3o de grupos sociais marginalizados na defesa de seus direitos e influ\u00eancia em pol\u00edticas p\u00fablicas&#8221;. \u00c9 uma atua\u00e7\u00e3o profunda no campo da cidadania, que vai al\u00e9m da assist\u00eancia imediata e contribui para transforma\u00e7\u00f5es sociais significativas.<\/p>\n\n\n\n<p>Apesar da queda do Brasil no \u00cdndice Global de Solidariedade, o voluntariado empresarial mostra um cen\u00e1rio diferente. De acordo com a Pesquisa Nacional por Amostra de Domic\u00edlios (IBOPE\/2018), a porcentagem de brasileiros envolvidos em atividades volunt\u00e1rias permanece em torno de 3,5%, mas a frequ\u00eancia dessas atividades aumentou. Em 2018, 48,39% dos volunt\u00e1rios se engajaram em a\u00e7\u00f5es pelo menos quatro vezes por m\u00eas, um aumento em rela\u00e7\u00e3o a 2016.<\/p>\n\n\n\n<p>O Grupo de Institutos Funda\u00e7\u00f5es e Empresas (GIFE) tamb\u00e9m observou um aumento nos programas de voluntariado empresarial, de 57% em 2014 para 60% em 2016 entre suas associadas. Esse crescimento reflete a import\u00e2ncia estrat\u00e9gica das corpora\u00e7\u00f5es no fomento ao voluntariado.<\/p>\n\n\n\n<p>Por\u00e9m nem sempre \u00e9 t\u00e3o f\u00e1cil para a empresa organizar o trabalho volunt\u00e1rio de seus funcion\u00e1rios, e isso acaba sendo desestimulante, pois causa mais trabalho do que teoricamente traz de resultados, por isso existe a Sister, um aplicativo criado para unir estas empresas que t\u00eam o desejo de fazer a diferen\u00e7a mas n\u00e3o tem uma boa organiza\u00e7\u00e3o para executar a tarefa com as que necessitam dessas pessoas para continuarem funcionando. O aplicativo auxilia na gest\u00e3o do trabalho e comunica\u00e7\u00e3o entre os interessados, facilitando o voluntariado e estimulando as empresas de todos os portes.<br>O que as empresas ganham em todo esse processo? Bom existem diversas vantagens, Eduardo Ramires traz algumas delas, sendo:<\/p>\n\n\n\n<ul class=\"wp-block-list\">\n<li>Para os funcion\u00e1rios: Desenvolve habilidades de lideran\u00e7a, trabalho em equipe e comprometimento, al\u00e9m de aumentar o sentimento de orgulho e pertencimento.<\/li>\n\n\n\n<li>Para a empresa: Melhora a imagem e reputa\u00e7\u00e3o, desenvolve colaboradores engajados e motiva, al\u00e9m de poder beneficiar a cadeia de valor relacionada ao neg\u00f3cio.<\/li>\n\n\n\n<li>Para a comunidade: Suplementa lacunas deixadas por pol\u00edticas p\u00fablicas, oferecendo apoio organizado e especializado, o que pode impulsionar o desenvolvimento econ\u00f4mico e social.<\/li>\n\n\n\n<li>Para l\u00edderes empresariais: Fortalece a percep\u00e7\u00e3o de lideran\u00e7a com vis\u00e3o ampliada.<\/li>\n<\/ul>\n\n\n\n<p>Os programas de voluntariado empresarial tamb\u00e9m resultam em colaboradores mais felizes e saud\u00e1veis, aumento da produtividade e redu\u00e7\u00e3o do absente\u00edsmo por doen\u00e7as. Empresas que apoiam o voluntariado s\u00e3o percebidas como ambientes de trabalho mais agrad\u00e1veis e atraem e ret\u00eam talentos com mais efic\u00e1cia.<\/p>\n\n\n\n<p>A implanta\u00e7\u00e3o de um programa de voluntariado deve estar alinhada \u00e0s diretrizes da empresa e atender \u00e0s expectativas dos colaboradores e da comunidade. \u00c9 recomendado iniciar com uma pesquisa interna para identificar interesses e causas de relev\u00e2ncia para os funcion\u00e1rios. Eduardo Ramires destaca a import\u00e2ncia de uma comunica\u00e7\u00e3o eficaz para engajar o maior n\u00famero de pessoas e lideran\u00e7as, garantindo que as a\u00e7\u00f5es fa\u00e7am sentido para os participantes.<\/p>\n\n\n\n<p>O voluntariado empresarial \u00e9 uma poderosa ferramenta de transforma\u00e7\u00e3o social e desenvolvimento organizacional. Ao incentivar e apoiar essas iniciativas, as empresas n\u00e3o apenas contribuem para uma sociedade mais justa e solid\u00e1ria, mas tamb\u00e9m fortalecem suas pr\u00f3prias estruturas, promovendo um ambiente de trabalho mais coeso, engajado e produtivo. Neste Dia da Caridade, celebrar e expandir essas pr\u00e1ticas \u00e9 um passo fundamental para um futuro mais sustent\u00e1vel e humano.<\/p>\n\n\n\n<p><strong>Servi\u00e7o: Sister<br><\/strong>Eduardo Ramires<br>sistervoluntario@gmail.com<br>41-997731510<br><a href=\"https:\/\/sistervol.com\/\">https:\/\/sistervol.com\/<\/a><\/p>\n","protected":false},"excerpt":{"rendered":"<p>Aproveitando o dia da caridade para fazer o bem No Dia da Caridade (19\/07), \u00e9 importante destacar o papel crescente do voluntariado empresarial, uma pr\u00e1tica que tem se consolidado como um componente vital da cultura de sustentabilidade nas corpora\u00e7\u00f5es modernas. Esse movimento n\u00e3o apenas beneficia a comunidade, mas tamb\u00e9m fortalece a empresa e seus colaboradores, [&hellip;]<\/p>\n","protected":false},"author":1,"featured_media":3021,"comment_status":"open","ping_status":"open","sticky":false,"template":"","format":"standard","meta":{"footnotes":""},"categories":[430],"tags":[],"class_list":["post-3017","post","type-post","status-publish","format-standard","has-post-thumbnail","hentry","category-sociedade"],"_links":{"self":[{"href":"https:\/\/diarioparanaense.com\/index.php?rest_route=\/wp\/v2\/posts\/3017","targetHints":{"allow":["GET"]}}],"collection":[{"href":"https:\/\/diarioparanaense.com\/index.php?rest_route=\/wp\/v2\/posts"}],"about":[{"href":"https:\/\/diarioparanaense.com\/index.php?rest_route=\/wp\/v2\/types\/post"}],"author":[{"embeddable":true,"href":"https:\/\/diarioparanaense.com\/index.php?rest_route=\/wp\/v2\/users\/1"}],"replies":[{"embeddable":true,"href":"https:\/\/diarioparanaense.com\/index.php?rest_route=%2Fwp%2Fv2%2Fcomments&post=3017"}],"version-history":[{"count":1,"href":"https:\/\/diarioparanaense.com\/index.php?rest_route=\/wp\/v2\/posts\/3017\/revisions"}],"predecessor-version":[{"id":3022,"href":"https:\/\/diarioparanaense.com\/index.php?rest_route=\/wp\/v2\/posts\/3017\/revisions\/3022"}],"wp:featuredmedia":[{"embeddable":true,"href":"https:\/\/diarioparanaense.com\/index.php?rest_route=\/wp\/v2\/media\/3021"}],"wp:attachment":[{"href":"https:\/\/diarioparanaense.com\/index.php?rest_route=%2Fwp%2Fv2%2Fmedia&parent=3017"}],"wp:term":[{"taxonomy":"category","embeddable":true,"href":"https:\/\/diarioparanaense.com\/index.php?rest_route=%2Fwp%2Fv2%2Fcategories&post=3017"},{"taxonomy":"post_tag","embeddable":true,"href":"https:\/\/diarioparanaense.com\/index.php?rest_route=%2Fwp%2Fv2%2Ftags&post=3017"}],"curies":[{"name":"wp","href":"https:\/\/api.w.org\/{rel}","templated":true}]}}