{"id":3011,"date":"2024-07-23T11:18:15","date_gmt":"2024-07-23T14:18:15","guid":{"rendered":"https:\/\/diarioparanaense.com\/?p=3011"},"modified":"2024-07-23T11:18:15","modified_gmt":"2024-07-23T14:18:15","slug":"sustentabilidade-em-foco-na-feira-reciclacao-2024","status":"publish","type":"post","link":"https:\/\/diarioparanaense.com\/?p=3011","title":{"rendered":"Sustentabilidade em foco na Feira Recicla\u00e7\u00e3o 2024"},"content":{"rendered":"\n<p class=\"has-medium-font-size\">A Recicla\u00e7\u00e3o: Feira do Meio Ambiente Industrial, Reciclagem, Saneamento Ambiental e Energias Alternativas ocorrer\u00e1 no Centro de Eventos Positivo do Parque Barigui, de 25 a 27 de julho de 2024<\/p>\n\n\n\n<p>O evento abrange os setores de reciclagem, saneamento ambiental, energias alternativas e outras iniciativas que promovem a sustentabilidade tanto no ambiente urbano quanto no rural. O objetivo \u00e9 destacar alternativas cient\u00edficas e mercadol\u00f3gicas que atendam \u00e0s demandas de consumo, fomentando a gera\u00e7\u00e3o de neg\u00f3cios entre fornecedores e consumidores de equipamentos, tecnologias e servi\u00e7os, consolidando-se como o principal ponto de encontro do setor.<\/p>\n\n\n\n<p>Valdir Bello, organizador do evento, destaca: \u201cSer\u00e3o tr\u00eas dias de intensa troca de conhecimento e neg\u00f3cios entre fornecedores e consumidores, com uma programa\u00e7\u00e3o que inclui feira t\u00e9cnica comercial, palestras e workshops, dedicados \u00e0 sustentabilidade\u201d.<\/p>\n\n\n\n<p>Com a presen\u00e7a de diversas empresas com foco em sustentabilidade, a colabora\u00e7\u00e3o se torna um foco interessante. A Piazzeta Aparas de Papel, com mais de 70 anos de atua\u00e7\u00e3o na coleta, processamento e comercializa\u00e7\u00e3o de aparas de papel, papel\u00e3o e pl\u00e1stico, participa pelo segundo ano consecutivo. Ela se unir\u00e1 a outras empresas na &#8220;Ilha da Sustentabilidade&#8221;, um estande compartilhado com fornecedores de equipamentos e servi\u00e7os.<\/p>\n\n\n\n<p>Entre os participantes do evento, 10 deles formam a \u201cIlha da Sustentabilidade\u201d . Essa uni\u00e3o tem o objetivo de prover produtos, equipamentos e servi\u00e7os em prol da sustentabilidade na linha de frente dessa transforma\u00e7\u00e3o, cada uma tendo um papel crucial. A Ambiental Santos, por exemplo, recicla \u00f3leo de cozinha usado, prevenindo a contamina\u00e7\u00e3o da \u00e1gua e evitando danos aos sistemas de esgoto. J\u00e1 a Roadimex Ambiental se dedica \u00e0 gest\u00e3o de res\u00edduos, garantindo que empresas descartem seus res\u00edduos de forma adequada, minimizando os impactos ambientais. A Filtroil trabalha com log\u00edstica, tratamento e destina\u00e7\u00e3o de res\u00edduos oleosos e solventes industriais evitando a necessidade de aterros qu\u00edmicos. Enquanto a Zannepar pl\u00e1sticos e a Ampla pl\u00e1sticos objetivamente evitam o ac\u00famulo de um dos poluentes mais comuns, que s\u00e3o os res\u00edduos pl\u00e1sticos, mantendo rios e oceanos livres para fluir. E quando o papo \u00e9 o setor papel e celulose do Estado do Paran\u00e1, O Sinpacel desenvolveu e aprovou junto \u00e0 Sedest o Plano de Log\u00edstica Reversa 2022-2026 para que as empresas possam cumprir de forma organizada e coletiva o que exige a legisla\u00e7\u00e3o. Por sua vez, a Edtech Trituradores foca na reciclagem industrial, ajudando ind\u00fastrias a reaproveitar materiais e reduzir desperd\u00edcios. E por \u00faltimo mas n\u00e3o mesmo importante temos a VM Equipamentos, HFORT Equipamentos e TOYOTA Empilhadeiras, que prov\u00eam e garantem maquin\u00e1rio para a resolu\u00e7\u00e3o de problemas ambientais, pois mesmo com um bom plano de limpeza precisa de um investimento em equipamentos. Esse esfor\u00e7o coordenado \u00e9 essencial: apenas com m\u00faltiplas frentes de a\u00e7\u00e3o e a colabora\u00e7\u00e3o como as vistas na &#8220;Ilha da sustentabilidade&#8221; \u00e9 poss\u00edvel alcan\u00e7ar os diferentes setores e assim tornando poss\u00edvel a mitiga\u00e7\u00e3o dos danos ambientais.<\/p>\n\n\n\n<p>A feira tamb\u00e9m reflete o crescente interesse de pequenos e m\u00e9dios empres\u00e1rios brasileiros em fontes renov\u00e1veis, com 60% planejando investir em energias renov\u00e1veis, e 47,5% considerando os sistemas fotovoltaicos como a melhor op\u00e7\u00e3o. A CWB Energia Solar demonstrar\u00e1 essas tecnologias durante o evento.<\/p>\n\n\n\n<p>A sustentabilidade \u00e9 um desafio complexo que requer esfor\u00e7os conjuntos e parcerias s\u00f3lidas. Empresas, ONGs e governos desempenham pap\u00e9is cruciais nessa jornada, e \u00e9 por meio da colabora\u00e7\u00e3o que podemos acelerar as a\u00e7\u00f5es em prol de um futuro mais sustent\u00e1vel. Unindo esfor\u00e7os, podemos maximizar nosso impacto e alcan\u00e7ar resultados significativos. Juntos, somos mais fortes e podemos fazer a diferen\u00e7a!<\/p>\n\n\n\n<p>Com o patroc\u00ednio do SENAI PR e CWB ENERGIA , a Recicla\u00e7\u00e3o 2024 promete ser o principal ponto de encontro entre profissionais, fornecedores e consumidores do setor, incluindo gestores p\u00fablicos e privados, profissionais com especializa\u00e7\u00e3o atuantes no setor, t\u00e9cnicos, administradores empresariais, acad\u00eamicos e estudantes. Com uma programa\u00e7\u00e3o t\u00e9cnica comercial diversificada, o evento oferece uma plataforma \u00fanica para a troca de conhecimento, capacita\u00e7\u00e3o e realiza\u00e7\u00e3o de neg\u00f3cios, consolidando-se como uma feira de abrang\u00eancia nacional no calend\u00e1rio de eventos para empresas e profissionais comprometidos com a sustentabilidade no ambiente urbano, rural, industrial e comercial.<\/p>\n\n\n\n<p class=\"has-medium-font-size\">A RECICLA\u00c7\u00c3O 2024 TEM O APOIO INSTITUCIONAL:<\/p>\n\n\n\n<p>Associa\u00e7\u00e3o Paranaense dos Engenheiros Ambientais &#8211; APEAM<\/p>\n\n\n\n<p>Associa\u00e7\u00e3o Paranaense dos Engenheiros Florestais &#8211; APEF<\/p>\n\n\n\n<p>Associa\u00e7\u00e3o Paranaense dos Engenheiros Qu\u00edmicos &#8211; AEQ<\/p>\n\n\n\n<p>Associa\u00e7\u00e3o das Empresas da Cidade Industrial de Curitiba \u2013 AECIC<\/p>\n\n\n\n<p>PATROC\u00cdNIO: SENAI PR e CWB ENERGIA.<\/p>\n\n\n\n<p>Servi\u00e7o: Recicla\u00e7\u00e3o &#8211; Feira do Meio Ambiente Industrial, ind\u00fastria da reciclagem, saneamento ambiental e energias alternativas<\/p>\n\n\n\n<p><strong>REALIZA\u00c7\u00c3O: Montebello Eventos<\/strong><\/p>\n\n\n\n<p>Contato: (41) 3203-1189 (41) 9.9546-0416<\/p>\n\n\n\n<p>Local: Centro de Eventos Positivo do Parque Barigui, Curitiba\/PR<\/p>\n\n\n\n<p>Dias: 25, 26 e 27 de julho de 2024<\/p>\n\n\n\n<p>Redes Sociais: reciclacao2024<\/p>\n\n\n\n<p>Site: <a href=\"https:\/\/montebelloeventos.com.br\/works\/reciclacao\/\">https:\/\/montebelloeventos.com.br\/works\/reciclacao\/<\/a><\/p>\n","protected":false},"excerpt":{"rendered":"<p>A Recicla\u00e7\u00e3o: Feira do Meio Ambiente Industrial, Reciclagem, Saneamento Ambiental e Energias Alternativas ocorrer\u00e1 no Centro de Eventos Positivo do Parque Barigui, de 25 a 27 de julho de 2024 O evento abrange os setores de reciclagem, saneamento ambiental, energias alternativas e outras iniciativas que promovem a sustentabilidade tanto no ambiente urbano quanto no rural. [&hellip;]<\/p>\n","protected":false},"author":1,"featured_media":3012,"comment_status":"open","ping_status":"open","sticky":false,"template":"","format":"standard","meta":{"footnotes":""},"categories":[186],"tags":[],"class_list":["post-3011","post","type-post","status-publish","format-standard","has-post-thumbnail","hentry","category-eventos"],"_links":{"self":[{"href":"https:\/\/diarioparanaense.com\/index.php?rest_route=\/wp\/v2\/posts\/3011","targetHints":{"allow":["GET"]}}],"collection":[{"href":"https:\/\/diarioparanaense.com\/index.php?rest_route=\/wp\/v2\/posts"}],"about":[{"href":"https:\/\/diarioparanaense.com\/index.php?rest_route=\/wp\/v2\/types\/post"}],"author":[{"embeddable":true,"href":"https:\/\/diarioparanaense.com\/index.php?rest_route=\/wp\/v2\/users\/1"}],"replies":[{"embeddable":true,"href":"https:\/\/diarioparanaense.com\/index.php?rest_route=%2Fwp%2Fv2%2Fcomments&post=3011"}],"version-history":[{"count":1,"href":"https:\/\/diarioparanaense.com\/index.php?rest_route=\/wp\/v2\/posts\/3011\/revisions"}],"predecessor-version":[{"id":3013,"href":"https:\/\/diarioparanaense.com\/index.php?rest_route=\/wp\/v2\/posts\/3011\/revisions\/3013"}],"wp:featuredmedia":[{"embeddable":true,"href":"https:\/\/diarioparanaense.com\/index.php?rest_route=\/wp\/v2\/media\/3012"}],"wp:attachment":[{"href":"https:\/\/diarioparanaense.com\/index.php?rest_route=%2Fwp%2Fv2%2Fmedia&parent=3011"}],"wp:term":[{"taxonomy":"category","embeddable":true,"href":"https:\/\/diarioparanaense.com\/index.php?rest_route=%2Fwp%2Fv2%2Fcategories&post=3011"},{"taxonomy":"post_tag","embeddable":true,"href":"https:\/\/diarioparanaense.com\/index.php?rest_route=%2Fwp%2Fv2%2Ftags&post=3011"}],"curies":[{"name":"wp","href":"https:\/\/api.w.org\/{rel}","templated":true}]}}