{"id":3000,"date":"2024-07-17T15:28:22","date_gmt":"2024-07-17T18:28:22","guid":{"rendered":"https:\/\/diarioparanaense.com\/?p=3000"},"modified":"2024-07-17T15:28:23","modified_gmt":"2024-07-17T18:28:23","slug":"a-importancia-do-infectologista-na-transicao-de-cuidados","status":"publish","type":"post","link":"https:\/\/diarioparanaense.com\/?p=3000","title":{"rendered":"A import\u00e2ncia do Infectologista na Transi\u00e7\u00e3o de Cuidados"},"content":{"rendered":"\n<p class=\"has-medium-font-size\">Uma das a\u00e7\u00f5es mais eficazes do profissional \u00e9 atuar na preven\u00e7\u00e3o da ocorr\u00eancia de infec\u00e7\u00f5es<br><\/p>\n\n\n\n<p>Na Transi\u00e7\u00e3o de Cuidados, por tratar de pacientes de alta complexidade, o infectologista tem pap\u00e9is diferentes do m\u00e9dico que atua no \u00e2mbito hospitalar. Nestes ambientes \u00e9 imprescind\u00edvel ao m\u00e9dico infectologista agir na preven\u00e7\u00e3o da ocorr\u00eancia de infec\u00e7\u00f5es, seja pela retirada de qualquer dispositivo invasivo quando h\u00e1 possibilidade, como pelo est\u00edmulo e treinamento de equipes para preven\u00e7\u00e3o e o uso racional de antimicrobianos.<\/p>\n\n\n\n<p>Seja com pacientes em reabilita\u00e7\u00e3o ou em cuidados paliativos, mesmo estando menos propensos a contrair infec\u00e7\u00f5es, deve-se manter todos os cuidados em rela\u00e7\u00e3o aos dispositivos, curativos e les\u00f5es cut\u00e2neas para prevenir intercorr\u00eancias infecciosas.<\/p>\n\n\n\n<p>Nos pacientes sob cuidados paliativos, os infectologistas t\u00eam o objetivo de utilizar os antimicrobianos para controle de sintomas e para garantir o conforto.<\/p>\n\n\n\n<p class=\"has-medium-font-size\">O impacto das infec\u00e7\u00f5es hospitalares na transi\u00e7\u00e3o de cuidados<\/p>\n\n\n\n<p>A mudan\u00e7a do ambiente hospitalar para o de transi\u00e7\u00e3o diminui a exposi\u00e7\u00e3o do paciente aos pat\u00f3genos hospitalares, que muitas vezes s\u00e3o resistentes a diversas classes de antibi\u00f3ticos.<br>\u201cQuando a transi\u00e7\u00e3o \u00e9 gerida com uma comunica\u00e7\u00e3o eficaz entre os profissionais de sa\u00fade, garante-se que os tratamentos, como a administra\u00e7\u00e3o de antibi\u00f3ticos, por exemplo, sejam realizados por tempo preciso e indica\u00e7\u00e3o adequada, sem interrup\u00e7\u00e3o do processo terap\u00eautico e de reabilita\u00e7\u00e3o iniciado no ambiente hospitalar. Isso \u00e9 crucial para proteger o paciente durante um per\u00edodo vulner\u00e1vel de recupera\u00e7\u00e3o\u201d, destaca o Dr. Gabriel Fialkovitz, infectologista da YUNA.<\/p>\n\n\n\n<p>A comunica\u00e7\u00e3o clara entre as equipes de sa\u00fade e o paciente, al\u00e9m da orienta\u00e7\u00e3o sobre o autocuidado p\u00f3s-alta, tamb\u00e9m s\u00e3o vitais. \u201cInforma\u00e7\u00f5es completas e claras sobre a gest\u00e3o de medica\u00e7\u00f5es e os cuidados com feridas capacitam o paciente e seus familiares a manter pr\u00e1ticas rigorosas de controle de infec\u00e7\u00e3o em casa\u201d, explica o especialista.<\/p>\n\n\n\n<p>A redu\u00e7\u00e3o de infec\u00e7\u00f5es hospitalares durante a transi\u00e7\u00e3o de cuidados n\u00e3o apenas melhora a recupera\u00e7\u00e3o do paciente, como tamb\u00e9m reduz significativamente o tempo de interna\u00e7\u00e3o e os custos associados a tratamentos prolongados para infec\u00e7\u00f5es adquiridas no hospital. Isso resulta em um sistema de sa\u00fade mais eficiente e sustent\u00e1vel, com melhor aloca\u00e7\u00e3o de recursos em outras necessidades.<\/p>\n\n\n\n<p class=\"has-medium-font-size\">Como reduzir os riscos de infec\u00e7\u00e3o na Transi\u00e7\u00e3o de Cuidados<\/p>\n\n\n\n<p>Implementar protocolos rigorosos de controle de infec\u00e7\u00e3o, higiene adequada e uso racional de antibi\u00f3ticos s\u00e3o a base para uma transi\u00e7\u00e3o segura, de acordo com o Dr. Gabriel. \u00c9 essencial que as equipes de sa\u00fade mantenham uma higiene impec\u00e1vel das m\u00e3os e sigam protocolos de limpeza e desinfec\u00e7\u00e3o do ambiente. Al\u00e9m disso, o uso apropriado de equipamentos de prote\u00e7\u00e3o individual (EPIs) pelos profissionais ajuda a prevenir a transmiss\u00e3o de pat\u00f3genos.<\/p>\n\n\n\n<blockquote class=\"wp-block-quote is-layout-flow wp-block-quote-is-layout-flow\">\n<p>\u201cA transi\u00e7\u00e3o de cuidados, n\u00e3o apenas diminui o risco de infec\u00e7\u00e3o hospitalar, como tamb\u00e9m assegura que a recupera\u00e7\u00e3o do paciente seja mais r\u00e1pida, segura e tranquila\u201d, ressalta.<\/p>\n<\/blockquote>\n\n\n\n<p>Pode parecer uma tarefa simples, mas a correta higieniza\u00e7\u00e3o das m\u00e3os \u00e9 comprovadamente eficaz na preven\u00e7\u00e3o de infec\u00e7\u00f5es associadas \u00e0 assist\u00eancia \u00e0 sa\u00fade, como nas infec\u00e7\u00f5es de corrente sangu\u00ednea. Tanto os pacientes quanto os profissionais de sa\u00fade est\u00e3o protegidos quando a higieniza\u00e7\u00e3o das m\u00e3os \u00e9 praticada corretamente.<\/p>\n\n\n\n<p><strong>Sobre a YUNA<br><\/strong>A YUNA, especializada em transi\u00e7\u00e3o de cuidados, oferece suporte completo para pacientes de reabilita\u00e7\u00e3o, cuidados paliativos e continuados, atendimento individualizado e assist\u00eancia transdisciplinar. Mais informa\u00e7\u00f5es no telefone (11) 3087-3800 ou no site https:\/\/yuna.com.br\/.<\/p>\n","protected":false},"excerpt":{"rendered":"<p>Uma das a\u00e7\u00f5es mais eficazes do profissional \u00e9 atuar na preven\u00e7\u00e3o da ocorr\u00eancia de infec\u00e7\u00f5es Na Transi\u00e7\u00e3o de Cuidados, por tratar de pacientes de alta complexidade, o infectologista tem pap\u00e9is diferentes do m\u00e9dico que atua no \u00e2mbito hospitalar. Nestes ambientes \u00e9 imprescind\u00edvel ao m\u00e9dico infectologista agir na preven\u00e7\u00e3o da ocorr\u00eancia de infec\u00e7\u00f5es, seja pela retirada [&hellip;]<\/p>\n","protected":false},"author":1,"featured_media":3002,"comment_status":"open","ping_status":"open","sticky":false,"template":"","format":"standard","meta":{"footnotes":""},"categories":[164],"tags":[],"class_list":["post-3000","post","type-post","status-publish","format-standard","has-post-thumbnail","hentry","category-saude-2"],"_links":{"self":[{"href":"https:\/\/diarioparanaense.com\/index.php?rest_route=\/wp\/v2\/posts\/3000","targetHints":{"allow":["GET"]}}],"collection":[{"href":"https:\/\/diarioparanaense.com\/index.php?rest_route=\/wp\/v2\/posts"}],"about":[{"href":"https:\/\/diarioparanaense.com\/index.php?rest_route=\/wp\/v2\/types\/post"}],"author":[{"embeddable":true,"href":"https:\/\/diarioparanaense.com\/index.php?rest_route=\/wp\/v2\/users\/1"}],"replies":[{"embeddable":true,"href":"https:\/\/diarioparanaense.com\/index.php?rest_route=%2Fwp%2Fv2%2Fcomments&post=3000"}],"version-history":[{"count":1,"href":"https:\/\/diarioparanaense.com\/index.php?rest_route=\/wp\/v2\/posts\/3000\/revisions"}],"predecessor-version":[{"id":3003,"href":"https:\/\/diarioparanaense.com\/index.php?rest_route=\/wp\/v2\/posts\/3000\/revisions\/3003"}],"wp:featuredmedia":[{"embeddable":true,"href":"https:\/\/diarioparanaense.com\/index.php?rest_route=\/wp\/v2\/media\/3002"}],"wp:attachment":[{"href":"https:\/\/diarioparanaense.com\/index.php?rest_route=%2Fwp%2Fv2%2Fmedia&parent=3000"}],"wp:term":[{"taxonomy":"category","embeddable":true,"href":"https:\/\/diarioparanaense.com\/index.php?rest_route=%2Fwp%2Fv2%2Fcategories&post=3000"},{"taxonomy":"post_tag","embeddable":true,"href":"https:\/\/diarioparanaense.com\/index.php?rest_route=%2Fwp%2Fv2%2Ftags&post=3000"}],"curies":[{"name":"wp","href":"https:\/\/api.w.org\/{rel}","templated":true}]}}