{"id":2990,"date":"2024-07-17T13:42:56","date_gmt":"2024-07-17T16:42:56","guid":{"rendered":"https:\/\/diarioparanaense.com\/?p=2990"},"modified":"2024-07-17T13:42:57","modified_gmt":"2024-07-17T16:42:57","slug":"jessi-alves-comemora-a-forca-das-mulheres-pretas-na-continuidade-do-legado-de-nelson-mandela","status":"publish","type":"post","link":"https:\/\/diarioparanaense.com\/?p=2990","title":{"rendered":"Jessi Alves comemora a for\u00e7a das mulheres pretas na continuidade do legado de Nelson Mandela"},"content":{"rendered":"\n<p>No Dia Internacional de Nelson Mandela a professora, bi\u00f3loga e influenciadora Jessi Alves celebra o impacto do l\u00edder sul-africano e a import\u00e2ncia das mulheres pretas na continuidade de sua luta por justi\u00e7a e igualdade<\/p>\n\n\n\n<p>O Dia Internacional de Nelson Mandela, comemorado em 18 de julho, \u00e9 uma ocasi\u00e3o para refletir sobre o legado de um dos maiores \u00edcones da luta contra a opress\u00e3o racial e a promo\u00e7\u00e3o da igualdade. Nelson Mandela dedicou sua vida a combater o apartheid e construir uma sociedade mais justa e inclusiva. Seu exemplo de resist\u00eancia pac\u00edfica e desobedi\u00eancia civil continua a inspirar milh\u00f5es ao redor do mundo.<\/p>\n\n\n\n<p>Jessi Alves, professora, bi\u00f3loga e influenciadora digital, ressalta a import\u00e2ncia do legado de Mandela e a contribui\u00e7\u00e3o vital das mulheres pretas na continuidade dessa luta. &#8220;Mandela nos ensinou que a verdadeira mudan\u00e7a vem da coragem de enfrentar a injusti\u00e7a com dignidade e paz. Sua luta n\u00e3o foi apenas pela sua gera\u00e7\u00e3o, mas por todas as futuras. As mulheres pretas, em particular, t\u00eam um papel crucial em levar adiante essa chama de resist\u00eancia e transforma\u00e7\u00e3o,&#8221; afirma Jessi.<\/p>\n\n\n\n<p>Mandela utilizou a desobedi\u00eancia civil para desafiar as leis segregacionistas que dividiam a sociedade sul-africana. Jessi destaca que, assim como Mandela, as mulheres pretas continuam a enfrentar e superar obst\u00e1culos com determina\u00e7\u00e3o e for\u00e7a. &#8220;As mulheres pretas sempre estiveram na linha de frente da luta por justi\u00e7a, muitas vezes enfrentando m\u00faltiplas camadas de discrimina\u00e7\u00e3o. \u00c9 essencial reconhecer e valorizar suas contribui\u00e7\u00f5es em todas as esferas&nbsp;da&nbsp;sociedade.&#8221;<\/p>\n","protected":false},"excerpt":{"rendered":"<p>No Dia Internacional de Nelson Mandela a professora, bi\u00f3loga e influenciadora Jessi Alves celebra o impacto do l\u00edder sul-africano e a import\u00e2ncia das mulheres pretas na continuidade de sua luta por justi\u00e7a e igualdade O Dia Internacional de Nelson Mandela, comemorado em 18 de julho, \u00e9 uma ocasi\u00e3o para refletir sobre o legado de um [&hellip;]<\/p>\n","protected":false},"author":1,"featured_media":2991,"comment_status":"open","ping_status":"open","sticky":false,"template":"","format":"standard","meta":{"footnotes":""},"categories":[431],"tags":[],"class_list":["post-2990","post","type-post","status-publish","format-standard","has-post-thumbnail","hentry","category-cultura"],"_links":{"self":[{"href":"https:\/\/diarioparanaense.com\/index.php?rest_route=\/wp\/v2\/posts\/2990","targetHints":{"allow":["GET"]}}],"collection":[{"href":"https:\/\/diarioparanaense.com\/index.php?rest_route=\/wp\/v2\/posts"}],"about":[{"href":"https:\/\/diarioparanaense.com\/index.php?rest_route=\/wp\/v2\/types\/post"}],"author":[{"embeddable":true,"href":"https:\/\/diarioparanaense.com\/index.php?rest_route=\/wp\/v2\/users\/1"}],"replies":[{"embeddable":true,"href":"https:\/\/diarioparanaense.com\/index.php?rest_route=%2Fwp%2Fv2%2Fcomments&post=2990"}],"version-history":[{"count":1,"href":"https:\/\/diarioparanaense.com\/index.php?rest_route=\/wp\/v2\/posts\/2990\/revisions"}],"predecessor-version":[{"id":2992,"href":"https:\/\/diarioparanaense.com\/index.php?rest_route=\/wp\/v2\/posts\/2990\/revisions\/2992"}],"wp:featuredmedia":[{"embeddable":true,"href":"https:\/\/diarioparanaense.com\/index.php?rest_route=\/wp\/v2\/media\/2991"}],"wp:attachment":[{"href":"https:\/\/diarioparanaense.com\/index.php?rest_route=%2Fwp%2Fv2%2Fmedia&parent=2990"}],"wp:term":[{"taxonomy":"category","embeddable":true,"href":"https:\/\/diarioparanaense.com\/index.php?rest_route=%2Fwp%2Fv2%2Fcategories&post=2990"},{"taxonomy":"post_tag","embeddable":true,"href":"https:\/\/diarioparanaense.com\/index.php?rest_route=%2Fwp%2Fv2%2Ftags&post=2990"}],"curies":[{"name":"wp","href":"https:\/\/api.w.org\/{rel}","templated":true}]}}