{"id":2989,"date":"2024-07-17T13:44:39","date_gmt":"2024-07-17T16:44:39","guid":{"rendered":"https:\/\/diarioparanaense.com\/?p=2989"},"modified":"2024-07-17T13:44:39","modified_gmt":"2024-07-17T16:44:39","slug":"joao-pedrosa-celebra-o-legado-de-nelson-mandela","status":"publish","type":"post","link":"https:\/\/diarioparanaense.com\/?p=2989","title":{"rendered":"Jo\u00e3o Pedrosa celebra o legado de Nelson Mandela"},"content":{"rendered":"\n<p class=\"has-medium-font-size\">Professor e influenciador refor\u00e7a que a figura hist\u00f3rica foi um s\u00edmbolo de luta e inspira\u00e7\u00e3o<\/p>\n\n\n\n<p>No Dia Internacional de Nelson Mandela, o professor e influenciador Jo\u00e3o Pedrosa reflete sobre o impacto duradouro de Mandela, destacando sua resist\u00eancia pac\u00edfica e desobedi\u00eancia civil como pilares para a transforma\u00e7\u00e3o social e a import\u00e2ncia da educa\u00e7\u00e3o na constru\u00e7\u00e3o de um futuro mais justo.<\/p>\n\n\n\n<p>O Dia Internacional de Nelson Mandela, celebrado em 18 de julho, marca o anivers\u00e1rio do l\u00edder sul-africano que dedicou sua vida \u00e0 luta contra o apartheid e \u00e0 promo\u00e7\u00e3o da igualdade racial. Nelson Mandela, um s\u00edmbolo global de resist\u00eancia e justi\u00e7a, deixou um legado que continua a inspirar milh\u00f5es de pessoas ao redor do mundo.<\/p>\n\n\n\n<p>Jo\u00e3o Pedrosa, compartilha suas reflex\u00f5es sobre o impacto de Mandela e a import\u00e2ncia de celebrar sua vida e conquistas. &#8220;Nelson Mandela nos ensinou que a resist\u00eancia pac\u00edfica e a desobedi\u00eancia civil podem ser armas poderosas contra a opress\u00e3o. Ele mostrou que \u00e9 poss\u00edvel desafiar um sistema injusto sem recorrer \u00e0 viol\u00eancia, mas com firmeza e determina\u00e7\u00e3o,&#8221; afirma.<\/p>\n\n\n\n<p>Mandela \u00e9 lembrado n\u00e3o apenas por sua luta pol\u00edtica, mas tamb\u00e9m por sua capacidade de perdoar e promover a reconcilia\u00e7\u00e3o em um pa\u00eds profundamente dividido. Sua abordagem de resist\u00eancia pac\u00edfica e desobedi\u00eancia civil, como burlar as leis segregacionistas que separavam negros e brancos em espa\u00e7os p\u00fablicos, tornou-se um exemplo de como a a\u00e7\u00e3o direta pode efetuar mudan\u00e7as significativas.<\/p>\n\n\n\n<p>&#8220;A desobedi\u00eancia civil de Mandela, ao desrespeitar as leis injustas do apartheid, nos ensina que a justi\u00e7a \u00e0s vezes requer coragem para enfrentar normas opressivas. A educa\u00e7\u00e3o desempenha um papel crucial na dissemina\u00e7\u00e3o desses valores e na forma\u00e7\u00e3o de cidad\u00e3os conscientes e engajados na luta por um mundo mais justo\u201d, destaca Jo\u00e3o.<\/p>\n\n\n\n<p>A luta de Mandela continua a ressoar em v\u00e1rias esferas da sociedade, inspirando movimentos sociais e defensores dos direitos humanos globalmente. Para Jo\u00e3o Pedrosa, a educa\u00e7\u00e3o \u00e9 fundamental para manter vivo o legado de Mandela e promover uma cultura de igualdade e respeito.<\/p>\n\n\n\n<p>&#8220;A educa\u00e7\u00e3o \u00e9 a chave para perpetuar o legado de Nelson Mandela. Ao educarmos nossos jovens sobre a import\u00e2ncia da igualdade e dos direitos humanos, estamos plantando as sementes para um futuro onde a discrimina\u00e7\u00e3o n\u00e3o tem lugar,&#8221; conclui Jo\u00e3o Pedrosa. &#8220;Mandela nos deixou um exemplo de integridade e coragem que deve ser celebrado&nbsp;e&nbsp;seguido.&#8221;<\/p>\n","protected":false},"excerpt":{"rendered":"<p>Professor e influenciador refor\u00e7a que a figura hist\u00f3rica foi um s\u00edmbolo de luta e inspira\u00e7\u00e3o No Dia Internacional de Nelson Mandela, o professor e influenciador Jo\u00e3o Pedrosa reflete sobre o impacto duradouro de Mandela, destacando sua resist\u00eancia pac\u00edfica e desobedi\u00eancia civil como pilares para a transforma\u00e7\u00e3o social e a import\u00e2ncia da educa\u00e7\u00e3o na constru\u00e7\u00e3o de [&hellip;]<\/p>\n","protected":false},"author":1,"featured_media":2993,"comment_status":"open","ping_status":"open","sticky":false,"template":"","format":"standard","meta":{"footnotes":""},"categories":[431],"tags":[],"class_list":["post-2989","post","type-post","status-publish","format-standard","has-post-thumbnail","hentry","category-cultura"],"_links":{"self":[{"href":"https:\/\/diarioparanaense.com\/index.php?rest_route=\/wp\/v2\/posts\/2989","targetHints":{"allow":["GET"]}}],"collection":[{"href":"https:\/\/diarioparanaense.com\/index.php?rest_route=\/wp\/v2\/posts"}],"about":[{"href":"https:\/\/diarioparanaense.com\/index.php?rest_route=\/wp\/v2\/types\/post"}],"author":[{"embeddable":true,"href":"https:\/\/diarioparanaense.com\/index.php?rest_route=\/wp\/v2\/users\/1"}],"replies":[{"embeddable":true,"href":"https:\/\/diarioparanaense.com\/index.php?rest_route=%2Fwp%2Fv2%2Fcomments&post=2989"}],"version-history":[{"count":1,"href":"https:\/\/diarioparanaense.com\/index.php?rest_route=\/wp\/v2\/posts\/2989\/revisions"}],"predecessor-version":[{"id":2994,"href":"https:\/\/diarioparanaense.com\/index.php?rest_route=\/wp\/v2\/posts\/2989\/revisions\/2994"}],"wp:featuredmedia":[{"embeddable":true,"href":"https:\/\/diarioparanaense.com\/index.php?rest_route=\/wp\/v2\/media\/2993"}],"wp:attachment":[{"href":"https:\/\/diarioparanaense.com\/index.php?rest_route=%2Fwp%2Fv2%2Fmedia&parent=2989"}],"wp:term":[{"taxonomy":"category","embeddable":true,"href":"https:\/\/diarioparanaense.com\/index.php?rest_route=%2Fwp%2Fv2%2Fcategories&post=2989"},{"taxonomy":"post_tag","embeddable":true,"href":"https:\/\/diarioparanaense.com\/index.php?rest_route=%2Fwp%2Fv2%2Ftags&post=2989"}],"curies":[{"name":"wp","href":"https:\/\/api.w.org\/{rel}","templated":true}]}}