{"id":2988,"date":"2024-07-17T13:45:36","date_gmt":"2024-07-17T16:45:36","guid":{"rendered":"https:\/\/diarioparanaense.com\/?p=2988"},"modified":"2024-07-17T13:45:37","modified_gmt":"2024-07-17T16:45:37","slug":"dia-internacional-de-nelson-mandela-celebrando-o-legado-de-luta-e-inspiracao","status":"publish","type":"post","link":"https:\/\/diarioparanaense.com\/?p=2988","title":{"rendered":"Dia Internacional de Nelson Mandela: Celebrando o legado de luta e inspira\u00e7\u00e3o"},"content":{"rendered":"\n<p class=\"has-medium-font-size\">Em 18 de julho, o mundo homenageia Nelson Mandela, um s\u00edmbolo de resist\u00eancia e justi\u00e7a, e reflete sobre a import\u00e2ncia cont\u00ednua de seu legado na luta contra o racismo e a desigualdade<\/p>\n\n\n\n<p>No dia 18 de julho, o mundo celebra o Dia Internacional de Nelson Mandela, uma data que marca o anivers\u00e1rio do l\u00edder sul-africano e Pr\u00eamio Nobel da Paz, Nelson Mandela. Este dia \u00e9 dedicado a homenagear sua vida, suas realiza\u00e7\u00f5es e sua luta incans\u00e1vel contra o apartheid, al\u00e9m de promover a justi\u00e7a social e a igualdade racial. O legado de Mandela continua a inspirar milh\u00f5es de pessoas ao redor do mundo, servindo como um farol de esperan\u00e7a e perseveran\u00e7a na luta contra a discrimina\u00e7\u00e3o.<\/p>\n\n\n\n<p>Bab\u00e1 Thales, Babalorix\u00e1 e influenciador digital, destaca a relev\u00e2ncia de Nelson Mandela para a comunidade preta e a import\u00e2ncia de seu exemplo de resist\u00eancia. &#8220;Nelson Mandela nos ensinou que a luta por justi\u00e7a e igualdade \u00e9 um compromisso de vida. Ele mostrou que, mesmo nas condi\u00e7\u00f5es mais adversas, \u00e9 poss\u00edvel resistir e vencer. Sua coragem e determina\u00e7\u00e3o s\u00e3o inspira\u00e7\u00f5es eternas para todos n\u00f3s&#8221;, afirma Bab\u00e1 Thales.<\/p>\n\n\n\n<p>O legado de Mandela vai al\u00e9m de suas a\u00e7\u00f5es pol\u00edticas. Sua mensagem de paz, reconcilia\u00e7\u00e3o e respeito m\u00fatuo ressoou globalmente, influenciando movimentos sociais e l\u00edderes comunit\u00e1rios em todos os continentes. Para a comunidade preta, em particular, Mandela representa a personifica\u00e7\u00e3o da resist\u00eancia contra a opress\u00e3o racial e a luta cont\u00ednua por um mundo onde todos sejam tratados com dignidade e respeito.<\/p>\n\n\n\n<p>&#8220;A import\u00e2ncia de Nelson Mandela para as pessoas pretas \u00e9 imensur\u00e1vel. Ele \u00e9 um s\u00edmbolo de que nossa luta por reconhecimento e igualdade \u00e9 v\u00e1lida e necess\u00e1ria. Mandela nos mostrou que \u00e9 poss\u00edvel transformar a sociedade atrav\u00e9s da persist\u00eancia e do amor ao pr\u00f3ximo&#8221;, destaca Bab\u00e1 Thales.<\/p>\n\n\n\n<p>A vida de Mandela \u00e9 uma poderosa narrativa de supera\u00e7\u00e3o. Enfrentando 27 anos de pris\u00e3o, ele emergiu n\u00e3o com ressentimento, mas com uma vis\u00e3o renovada de paz e reconcilia\u00e7\u00e3o, liderando a \u00c1frica do Sul rumo \u00e0 democracia. Sua capacidade de perdoar e construir pontes em vez de muros \u00e9 uma li\u00e7\u00e3o vital para todos n\u00f3s, especialmente em tempos de polariza\u00e7\u00e3o.<\/p>\n\n\n\n<p>Este dia serve tamb\u00e9m como um lembrete da necessidade de continuar a luta contra o racismo e a discrimina\u00e7\u00e3o. Embora tenhamos avan\u00e7ado em muitos aspectos, ainda existem desafios significativos a serem superados. A discrimina\u00e7\u00e3o racial e a desigualdade permanecem como realidades di\u00e1rias para muitas pessoas pretas, exigindo um esfor\u00e7o coletivo para erradicar o racismo sist\u00eamico e construir uma sociedade mais justa e inclusiva.<\/p>\n\n\n\n<p>&#8220;Cada um de n\u00f3s tem o dever de manter viva a chama da justi\u00e7a e da igualdade que Mandela acendeu. Devemos usar sua vida como inspira\u00e7\u00e3o para combater o racismo em todas as suas formas e trabalhar incansavelmente por um futuro melhor para as pr\u00f3ximas gera\u00e7\u00f5es&#8221;, conclui&nbsp;Bab\u00e1&nbsp;Thales.<\/p>\n","protected":false},"excerpt":{"rendered":"<p>Em 18 de julho, o mundo homenageia Nelson Mandela, um s\u00edmbolo de resist\u00eancia e justi\u00e7a, e reflete sobre a import\u00e2ncia cont\u00ednua de seu legado na luta contra o racismo e a desigualdade No dia 18 de julho, o mundo celebra o Dia Internacional de Nelson Mandela, uma data que marca o anivers\u00e1rio do l\u00edder sul-africano [&hellip;]<\/p>\n","protected":false},"author":1,"featured_media":2995,"comment_status":"open","ping_status":"open","sticky":false,"template":"","format":"standard","meta":{"footnotes":""},"categories":[431],"tags":[],"class_list":["post-2988","post","type-post","status-publish","format-standard","has-post-thumbnail","hentry","category-cultura"],"_links":{"self":[{"href":"https:\/\/diarioparanaense.com\/index.php?rest_route=\/wp\/v2\/posts\/2988","targetHints":{"allow":["GET"]}}],"collection":[{"href":"https:\/\/diarioparanaense.com\/index.php?rest_route=\/wp\/v2\/posts"}],"about":[{"href":"https:\/\/diarioparanaense.com\/index.php?rest_route=\/wp\/v2\/types\/post"}],"author":[{"embeddable":true,"href":"https:\/\/diarioparanaense.com\/index.php?rest_route=\/wp\/v2\/users\/1"}],"replies":[{"embeddable":true,"href":"https:\/\/diarioparanaense.com\/index.php?rest_route=%2Fwp%2Fv2%2Fcomments&post=2988"}],"version-history":[{"count":1,"href":"https:\/\/diarioparanaense.com\/index.php?rest_route=\/wp\/v2\/posts\/2988\/revisions"}],"predecessor-version":[{"id":2996,"href":"https:\/\/diarioparanaense.com\/index.php?rest_route=\/wp\/v2\/posts\/2988\/revisions\/2996"}],"wp:featuredmedia":[{"embeddable":true,"href":"https:\/\/diarioparanaense.com\/index.php?rest_route=\/wp\/v2\/media\/2995"}],"wp:attachment":[{"href":"https:\/\/diarioparanaense.com\/index.php?rest_route=%2Fwp%2Fv2%2Fmedia&parent=2988"}],"wp:term":[{"taxonomy":"category","embeddable":true,"href":"https:\/\/diarioparanaense.com\/index.php?rest_route=%2Fwp%2Fv2%2Fcategories&post=2988"},{"taxonomy":"post_tag","embeddable":true,"href":"https:\/\/diarioparanaense.com\/index.php?rest_route=%2Fwp%2Fv2%2Ftags&post=2988"}],"curies":[{"name":"wp","href":"https:\/\/api.w.org\/{rel}","templated":true}]}}