{"id":2976,"date":"2024-07-15T17:08:47","date_gmt":"2024-07-15T20:08:47","guid":{"rendered":"https:\/\/diarioparanaense.com\/?p=2976"},"modified":"2024-07-15T17:08:47","modified_gmt":"2024-07-15T20:08:47","slug":"brasa-associacao-brasileira-de-estudantes-realiza-conferencia-para-inspirar-a-proxima-geracao-de-lideres-brasileiros","status":"publish","type":"post","link":"https:\/\/diarioparanaense.com\/?p=2976","title":{"rendered":"BRASA (Associa\u00e7\u00e3o Brasileira de Estudantes) realiza confer\u00eancia para inspirar a pr\u00f3xima gera\u00e7\u00e3o de l\u00edderes brasileiros"},"content":{"rendered":"\n<p>A BRASA (Associa\u00e7\u00e3o Brasileira de Estudantes) est\u00e1 anunciando a pr\u00f3xima edi\u00e7\u00e3o da sua confer\u00eancia anual, a BRASA em Casa, que acontecer\u00e1 no dia 13 de julho no Inteli (Instituto de Tecnologia e Lideran\u00e7a), em S\u00e3o Paulo\/SP. A confer\u00eancia reunir\u00e1 estudantes interessados em estudar no exterior, que est\u00e3o em curso no exterior, juntamente com empres\u00e1rios que constru\u00edram carreiras de sucesso a partir da mentoria da BRASA.<\/p>\n\n\n\n<p>Este ano a confer\u00eancia ter\u00e1 como tema, \u201cDe onde viemos: reflex\u00f5es sobre nossas ra\u00edzes\u201d, e celebra os 10 anos de atividades da organiza\u00e7\u00e3o. Os participantes s\u00e3o convidados a explorar suas origens e refletir sobre como essas ra\u00edzes moldam suas identidades e trajet\u00f3rias, a partir de tr\u00eas subtemas: identidade, conex\u00e3o com o Brasil e impacto profissional.<\/p>\n\n\n\n<p>\u201cEsta \u00e9 uma edi\u00e7\u00e3o muito importante para a BRASA, pois al\u00e9m de celebrar os 10 anos, iremos encontrar e reencontrar com lideran\u00e7as que s\u00e3o movidas por transforma\u00e7\u00e3o e comprometidos com o Brasil\u201d, afirma Marina Ananias, gerente da BRASA em Casa. Ainda, segundo a executiva, no evento ser\u00e3o apresentadas hist\u00f3rias verdadeiras de como estudar no exterior impactou a vida, carreira e projetos de empreendedores de sucesso e que servem de cases para reflex\u00f5es sobre como nossas ra\u00edzes impactam na realiza\u00e7\u00e3o dos sonhos. \u201cVoc\u00eas n\u00e3o podem ficar de fora dessa&#8221;, refor\u00e7a.<\/p>\n\n\n\n<p>A BRASA em Casa nasceu em 2017 como uma iniciativa 100% focada no Brasil. Seu prop\u00f3sito \u00e9 conectar diferentes gera\u00e7\u00f5es, proporcionando um espa\u00e7o de networking e palestras sobre temas relevantes no pa\u00eds. Durante a confer\u00eancia ser\u00e3o realizadas palestras, pain\u00e9is, al\u00e9m de workshops, sess\u00f5es privadas e uma feira de carreiras, a partir de uma plataforma oferecida pela BRASA.<\/p>\n\n\n\n<p class=\"has-medium-font-size\">Conhe\u00e7a os palestrantes:<\/p>\n\n\n\n<p><strong>Matheus Silva<br><\/strong>Matheus Silva \u00e9 um engenheiro qu\u00edmico e economista paraibano formado pela Worcester Polytechnic Institute, \u00e9 s\u00f3cio de um fundo venture capital e respons\u00e1vel por fundar uma health-tech. J\u00e1 atuou como consultor de estrat\u00e9gia e ainda na faculdade, idealizou a maior associa\u00e7\u00e3o de estudantes brasileiros no exterior, a BRASA.<\/p>\n\n\n\n<p><strong>Ana Garcia<br><\/strong>Ana Garcia \u00e9 formada em rela\u00e7\u00f5es internacionais pela University of Virginia e foi co-fundadora e presidente da BRASA. Durante a sua gradua\u00e7\u00e3o, Ana estagiou na Ambev, onde continuou trabalhando com marketing e recursos humanos nos anos posteriores. Atualmente, \u00e9 COO (Chief Operating Officer) do Instituto de Lideran\u00e7a e Tecnologia ou simplesmente Inteli.<\/p>\n\n\n\n<p><strong>Augusto Lins<br><\/strong>Augusto Lins \u00e9 o atual Senior Advisor da Stone, empresa que ajudou a fundar em 2012 e que foi presidente. Formado em engenharia eletr\u00f4nica pela UFRJ, iniciou a carreira como empreendedor e depois passou por v\u00e1rias institui\u00e7\u00f5es do setor financeiro, como NM Rothschild, ING, Unibanco, Fininvest, Hipercard, Ita\u00fa e Redecard. Mas, n\u00e3o parou por a\u00ed. Augusto seguiu seus estudos internacionalmente, estudando MBA na Boston University, PGA na Funda\u00e7\u00e3o Dom Cabral e OPM na Harvard Business School. Com vasta experi\u00eancia nas \u00e1reas de empreendedorismo e finan\u00e7as no Brasil, Augusto ter\u00e1 muito a acrescentar na BRASA em Casa 2024.<\/p>\n\n\n\n<p><strong>Nath\u00e1lia Brand\u00e3o<br><\/strong>Nath\u00e1lia Brand\u00e3o \u00e9 head de cultura e desenvolvimento de pessoas do TikTok. Al\u00e9m disso, esteve presente na lista Forbes Under 30 de 2022, que confere t\u00edtulos de relev\u00e2ncia aos jovens destaques de suas respectivas \u00e1reas. Formou-se em direito pela Universidade Federal Fluminense e desenvolveu sua carreira acad\u00eamica na Sorbonne University e Harvard University com especializa\u00e7\u00f5es e pesquisas cient\u00edficas em pol\u00edticas p\u00fablicas e justi\u00e7a administrativa. Foi head de confer\u00eancias da BRASA e criadora do SALIVA, um experimento urbano.<\/p>\n\n\n\n<p><strong>Edu Bresser<br><\/strong>Eduardo Besser iniciou seus estudos no Brasil, cursando Administra\u00e7\u00e3o na Funda\u00e7\u00e3o Armando \u00c1lvares Penteado (FAAP). Posteriormente, continuou seus estudos no exterior, realizando seu mestrado em Recursos Humanos na Universitat Pompeu Fabra, em Barcelona, na Espanha, e completando programas de lideran\u00e7a nas prestigiadas escolas de neg\u00f3cios de Harvard e Columbia. Em sua carreira profissional, Eduardo atuou no banco Citi nas \u00e1reas de RH e Partnership, e depois assumiu o cargo de Vice Presidente de RH na Am\u00e9rica Latina no banco Morgan Stanley. Atualmente, ele \u00e9 Partner no BTG Pactual, onde continua a impactar o setor financeiro com sua expertise e lideran\u00e7a.<\/p>\n\n\n\n<p><strong>Leticia Tonholo<br><\/strong>Leticia Tonholo iniciou sua carreira acad\u00eamica no Brasil e ap\u00f3s se formar em Engenharia na USP (Universidade de S\u00e3o Paulo), cursou dois mestrados em Paris, nas universidades de Marie Curie University e \u00c9cole Polytechnique. Paralelo aos seus estudos, Leticia estagiou na Goldman Sachs em Londres e fez parte do board global da BRASA, onde atuou como Coordenadora Regional, CFO e Presidente em 2018. Com experi\u00eancia nas \u00e1reas de Business Development e Data Analysis, Leticia \u00e9 analista de a\u00e7\u00f5es fundamentalistas com passagens pela Velt e Dynamo, onde acumula uma vasta experi\u00eancia em STEM.<\/p>\n\n\n\n<p><strong>Giovanna Castro<br><\/strong>Giovanna Castro se formou em rela\u00e7\u00f5es internacionais e economia pela Tufts University em 2020. Durante seu curso, estudou tamb\u00e9m na University of Oxford, se aprofundando em filosofia, economia e pol\u00edtica. Giovanna estagiou na Ambev e Mckinsey &amp; Company, onde continuou sua carreira profissional e hoje atua como Engagement Manager. Na faculdade, tamb\u00e9m se dedicou \u00e0 BRASA, assumindo v\u00e1rias posi\u00e7\u00f5es de lideran\u00e7a at\u00e9 se tornar presidente em 2019.<\/p>\n\n\n\n<p>Para mais informa\u00e7\u00f5es e inscri\u00e7\u00f5es, visite o site oficial da BRASA em Casa:<br><a href=\"https:\/\/www.brasaemcasa.gobrasa.org\/ingressos\">https:\/\/www.brasaemcasa.gobrasa.org\/ingressos<\/a><\/p>\n","protected":false},"excerpt":{"rendered":"<p>A BRASA (Associa\u00e7\u00e3o Brasileira de Estudantes) est\u00e1 anunciando a pr\u00f3xima edi\u00e7\u00e3o da sua confer\u00eancia anual, a BRASA em Casa, que acontecer\u00e1 no dia 13 de julho no Inteli (Instituto de Tecnologia e Lideran\u00e7a), em S\u00e3o Paulo\/SP. A confer\u00eancia reunir\u00e1 estudantes interessados em estudar no exterior, que est\u00e3o em curso no exterior, juntamente com empres\u00e1rios que [&hellip;]<\/p>\n","protected":false},"author":1,"featured_media":2977,"comment_status":"open","ping_status":"open","sticky":false,"template":"","format":"standard","meta":{"footnotes":""},"categories":[148,324],"tags":[],"class_list":["post-2976","post","type-post","status-publish","format-standard","has-post-thumbnail","hentry","category-educacao","category-negocios"],"_links":{"self":[{"href":"https:\/\/diarioparanaense.com\/index.php?rest_route=\/wp\/v2\/posts\/2976","targetHints":{"allow":["GET"]}}],"collection":[{"href":"https:\/\/diarioparanaense.com\/index.php?rest_route=\/wp\/v2\/posts"}],"about":[{"href":"https:\/\/diarioparanaense.com\/index.php?rest_route=\/wp\/v2\/types\/post"}],"author":[{"embeddable":true,"href":"https:\/\/diarioparanaense.com\/index.php?rest_route=\/wp\/v2\/users\/1"}],"replies":[{"embeddable":true,"href":"https:\/\/diarioparanaense.com\/index.php?rest_route=%2Fwp%2Fv2%2Fcomments&post=2976"}],"version-history":[{"count":1,"href":"https:\/\/diarioparanaense.com\/index.php?rest_route=\/wp\/v2\/posts\/2976\/revisions"}],"predecessor-version":[{"id":2978,"href":"https:\/\/diarioparanaense.com\/index.php?rest_route=\/wp\/v2\/posts\/2976\/revisions\/2978"}],"wp:featuredmedia":[{"embeddable":true,"href":"https:\/\/diarioparanaense.com\/index.php?rest_route=\/wp\/v2\/media\/2977"}],"wp:attachment":[{"href":"https:\/\/diarioparanaense.com\/index.php?rest_route=%2Fwp%2Fv2%2Fmedia&parent=2976"}],"wp:term":[{"taxonomy":"category","embeddable":true,"href":"https:\/\/diarioparanaense.com\/index.php?rest_route=%2Fwp%2Fv2%2Fcategories&post=2976"},{"taxonomy":"post_tag","embeddable":true,"href":"https:\/\/diarioparanaense.com\/index.php?rest_route=%2Fwp%2Fv2%2Ftags&post=2976"}],"curies":[{"name":"wp","href":"https:\/\/api.w.org\/{rel}","templated":true}]}}