{"id":2973,"date":"2024-07-15T17:06:11","date_gmt":"2024-07-15T20:06:11","guid":{"rendered":"https:\/\/diarioparanaense.com\/?p=2973"},"modified":"2024-07-15T17:06:11","modified_gmt":"2024-07-15T20:06:11","slug":"a-importancia-da-marca-para-o-sucesso-no-dia-do-comerciante-2","status":"publish","type":"post","link":"https:\/\/diarioparanaense.com\/?p=2973","title":{"rendered":"A Import\u00e2ncia da marca para o sucesso no dia do comerciante"},"content":{"rendered":"\n<p class=\"has-medium-font-size\">Qual a conex\u00e3o entre a empresa e o cliente?<\/p>\n\n\n\n<p>Para entender como a marca surge o DNA \u00fanico de uma empresa \u00e9 necess\u00e1rio primeiro entender a rela\u00e7\u00e3o dela com sua marca que ir\u00e1 conectar o cliente e o produto com a pr\u00f3pria empresa. E em um mercado cada vez mais competitivo, onde produtos e servi\u00e7os se tornam progressivamente semelhantes, esse tipo de rela\u00e7\u00e3o \u00e9 mais que necess\u00e1ria, mas porqu\u00ea? Nesse dia do comerciante vamos tirar essa d\u00favida pedindo ajuda ao especialista em marcas Eros Gomes. &#8220;\u00c9 atrav\u00e9s da marca que uma empresa pode se destacar, garantindo a satisfa\u00e7\u00e3o do consumidor e proporcionando uma experi\u00eancia superior aos seus clientes&#8221;, diz Eros.<\/p>\n\n\n\n<p>&#8220;Para que a marca de uma empresa seja eficaz, ela deve ser constru\u00edda sobre uma base s\u00f3lida de pesquisas e estrat\u00e9gias bem definidas. O primeiro passo envolve a realiza\u00e7\u00e3o de pesquisas detalhadas com clientes, parceiros e funcion\u00e1rios para entender a percep\u00e7\u00e3o atual do neg\u00f3cio. Essa an\u00e1lise ajuda a verificar se a imagem transmitida est\u00e1 alinhada com o que a empresa deseja e comunica ao mercado&#8221;, conta o especialista em marcas Eros Gomes.<\/p>\n\n\n\n<p class=\"has-medium-font-size\">A constru\u00e7\u00e3o de uma marca envolve diversos elementos:<\/p>\n\n\n\n<ol class=\"wp-block-list\">\n<li>Estrat\u00e9gia e Posicionamento: O empres\u00e1rio deve ter clareza sobre a identidade atual do neg\u00f3cio e suas metas futuras. A estrat\u00e9gia deve considerar as atividades e o p\u00fablico-alvo da empresa, diferenciando-a dos concorrentes.<\/li>\n\n\n\n<li>\u00c9tica e Confiabilidade: A marca deve refletir valores \u00e9ticos e de confian\u00e7a, destacando os pontos fortes da empresa no mercado.<\/li>\n\n\n\n<li>Identidade Visual e Verbal: Uma marca eficaz precisa ter uma identidade visual e verbal bem definida. Isso inclui logotipos, slogans e outros elementos visuais que comuniquem os valores e a miss\u00e3o da empresa de forma atraente e original.<\/li>\n\n\n\n<li>Planejamento de Divulga\u00e7\u00e3o: A ativa\u00e7\u00e3o da marca requer um planejamento cuidadoso sobre onde e como divulg\u00e1-la, considerando o p\u00fablico-alvo, o alcance desejado e a rela\u00e7\u00e3o custo-benef\u00edcio das a\u00e7\u00f5es de marketing.<\/li>\n\n\n\n<li>Gest\u00e3o Integrada: A marca deve ser consistente em todos os aspectos da empresa, desde os materiais impressos e digitais at\u00e9 a arquitetura e decora\u00e7\u00e3o dos espa\u00e7os f\u00edsicos. Essa consist\u00eancia refor\u00e7a a imagem da marca e garante continuidade.<\/li>\n<\/ol>\n\n\n\n<p>&#8220;No cen\u00e1rio atual, muitas empresas lutam para se diferenciar devido \u00e0 semelhan\u00e7a de produtos e servi\u00e7os oferecidos. Sem uma marca forte, a empresa corre o risco de ser confundida com concorrentes, o que pode levar ao insucesso. A diferencia\u00e7\u00e3o de produtos \u00e9 crucial para sobreviver em um mercado global onde os consumidores buscam constantemente melhores op\u00e7\u00f5es&#8221;, diz o especialista.<\/p>\n\n\n\n<p>A solu\u00e7\u00e3o para este desafio reside na gest\u00e3o estrat\u00e9gica de design e branding. Uma marca bem trabalhada n\u00e3o apenas aumenta as vendas e os lucros, mas tamb\u00e9m solidifica a identidade corporativa, transformando-se em uma lovemark \u2013 uma marca essencial no dia a dia dos consumidores.<\/p>\n\n\n\n<p>O sucesso de um neg\u00f3cio est\u00e1 intrinsecamente ligado \u00e0 for\u00e7a de sua marca. Empresas que investem na constru\u00e7\u00e3o, gest\u00e3o e prote\u00e7\u00e3o de sua marca tendem a alcan\u00e7ar um melhor posicionamento no mercado e a fidelizar seus clientes. Para evitar o fechamento precoce, especialmente no caso de pequenas empresas, \u00e9 vital dar a devida import\u00e2ncia \u00e0 marca, reconhecendo seu papel central no crescimento e sustentabilidade do neg\u00f3cio.<\/p>\n\n\n\n<p><strong>Servi\u00e7o: Cross Design Studio<br>Eros Pereira Gomes<br><\/strong>Especialista em marcas<br>(41) 3589-6563<br>Curitiba\u00a0&#8211;\u00a0PR<\/p>\n","protected":false},"excerpt":{"rendered":"<p>Qual a conex\u00e3o entre a empresa e o cliente? Para entender como a marca surge o DNA \u00fanico de uma empresa \u00e9 necess\u00e1rio primeiro entender a rela\u00e7\u00e3o dela com sua marca que ir\u00e1 conectar o cliente e o produto com a pr\u00f3pria empresa. E em um mercado cada vez mais competitivo, onde produtos e servi\u00e7os [&hellip;]<\/p>\n","protected":false},"author":1,"featured_media":2974,"comment_status":"open","ping_status":"open","sticky":false,"template":"","format":"standard","meta":{"footnotes":""},"categories":[324],"tags":[],"class_list":["post-2973","post","type-post","status-publish","format-standard","has-post-thumbnail","hentry","category-negocios"],"_links":{"self":[{"href":"https:\/\/diarioparanaense.com\/index.php?rest_route=\/wp\/v2\/posts\/2973","targetHints":{"allow":["GET"]}}],"collection":[{"href":"https:\/\/diarioparanaense.com\/index.php?rest_route=\/wp\/v2\/posts"}],"about":[{"href":"https:\/\/diarioparanaense.com\/index.php?rest_route=\/wp\/v2\/types\/post"}],"author":[{"embeddable":true,"href":"https:\/\/diarioparanaense.com\/index.php?rest_route=\/wp\/v2\/users\/1"}],"replies":[{"embeddable":true,"href":"https:\/\/diarioparanaense.com\/index.php?rest_route=%2Fwp%2Fv2%2Fcomments&post=2973"}],"version-history":[{"count":1,"href":"https:\/\/diarioparanaense.com\/index.php?rest_route=\/wp\/v2\/posts\/2973\/revisions"}],"predecessor-version":[{"id":2975,"href":"https:\/\/diarioparanaense.com\/index.php?rest_route=\/wp\/v2\/posts\/2973\/revisions\/2975"}],"wp:featuredmedia":[{"embeddable":true,"href":"https:\/\/diarioparanaense.com\/index.php?rest_route=\/wp\/v2\/media\/2974"}],"wp:attachment":[{"href":"https:\/\/diarioparanaense.com\/index.php?rest_route=%2Fwp%2Fv2%2Fmedia&parent=2973"}],"wp:term":[{"taxonomy":"category","embeddable":true,"href":"https:\/\/diarioparanaense.com\/index.php?rest_route=%2Fwp%2Fv2%2Fcategories&post=2973"},{"taxonomy":"post_tag","embeddable":true,"href":"https:\/\/diarioparanaense.com\/index.php?rest_route=%2Fwp%2Fv2%2Ftags&post=2973"}],"curies":[{"name":"wp","href":"https:\/\/api.w.org\/{rel}","templated":true}]}}